{"id":9620,"date":"2016-09-16T15:45:47","date_gmt":"2016-09-16T15:45:47","guid":{"rendered":"https:\/\/armstrongyregion.com.ar\/diario\/?p=9620"},"modified":"2016-09-16T15:45:47","modified_gmt":"2016-09-16T15:45:47","slug":"verdecchia-recorrio-la-obra-de-cordon-cuneta-al-norte-de-la-ruta-9","status":"publish","type":"post","link":"https:\/\/armstrongyregion.com.ar\/diario\/verdecchia-recorrio-la-obra-de-cordon-cuneta-al-norte-de-la-ruta-9\/","title":{"rendered":"Verdecchia recorri\u00f3 la obra de cord\u00f3n cuneta al norte de la Ruta 9."},"content":{"rendered":"<p><a href=\"http:\/\/armstrongyregion.com.ar\/diario\/wp-content\/uploads\/2016\/09\/Verdecchia-123.jpg\"><img loading=\"lazy\" decoding=\"async\" src=\"http:\/\/armstrongyregion.com.ar\/diario\/wp-content\/uploads\/2016\/09\/Verdecchia-123.jpg\" alt=\"verdecchia-123\" width=\"960\" height=\"720\" class=\"alignnone size-full wp-image-9621\" srcset=\"https:\/\/armstrongyregion.com.ar\/diario\/wp-content\/uploads\/2016\/09\/Verdecchia-123.jpg 960w, https:\/\/armstrongyregion.com.ar\/diario\/wp-content\/uploads\/2016\/09\/Verdecchia-123-300x225.jpg 300w\" sizes=\"auto, (max-width: 960px) 100vw, 960px\" \/><\/a>El intendente municipal mantuvo contacto con la prensa local, en la intersecci\u00f3n de Bv. Fischer y Los Helechos, 200 metros al norte de la Ruta 9.<br \/>\nEl funcionario declaraba, \u201cEstamos avanzando con el cord\u00f3n cuneta, por contribuci\u00f3n de mejoras de los vecinos en este sector, son tres cuadras que se van a trabajar, tambi\u00e9n se est\u00e1 haciendo la boca calle, ya se hizo una de las manos sobre calle Fischer y se va a ampliar la misma al tama\u00f1o que corresponde, a tama\u00f1o normal, se van a correr los alambrados y se podr\u00e1 continuar con los trabajos\u201d.<br \/>\nVerdecchia, tambi\u00e9n agreg\u00f3 \u201cesta obra es importante porque realiza un ordenamiento que no solo tiene que ver con el escurrimiento del agua, sino que tambi\u00e9n va dando una nueva forma al barrio, mejorando la calidad de vida de los vecinos\u201d.<\/p>\n","protected":false},"excerpt":{"rendered":"<p>El intendente municipal mantuvo contacto con la prensa local, en la intersecci\u00f3n de Bv. Fischer y Los Helechos, 200 metros al norte de la Ruta 9. El funcionario declaraba, \u201cEstamos avanzando con el cord\u00f3n cuneta, por contribuci\u00f3n de mejoras de los vecinos en este sector, son tres cuadras que se van a trabajar, tambi\u00e9n se <a href=\"https:\/\/armstrongyregion.com.ar\/diario\/verdecchia-recorrio-la-obra-de-cordon-cuneta-al-norte-de-la-ruta-9\/\" title=\"Read more\" >&#8230;<\/a><\/p>\n","protected":false},"author":2,"featured_media":9621,"comment_status":"open","ping_status":"open","sticky":false,"template":"","format":"standard","meta":{"_jetpack_memberships_contains_paid_content":false,"footnotes":"","jetpack_publicize_message":"","jetpack_publicize_feature_enabled":true,"jetpack_social_post_already_shared":false,"jetpack_social_options":{"image_generator_settings":{"template":"highway","default_image_id":0,"enabled":false},"version":2}},"categories":[1,2],"tags":[2401,2402,19,31,635,287,205],"class_list":["post-9620","post","type-post","status-publish","format-standard","has-post-thumbnail","hentry","category-diario-armstrong","category-locales","tag-cordon","tag-cuneta","tag-de","tag-la","tag-obra","tag-recorrio","tag-verdecchia"],"jetpack_publicize_connections":[],"jetpack_featured_media_url":"https:\/\/armstrongyregion.com.ar\/diario\/wp-content\/uploads\/2016\/09\/Verdecchia-123.jpg","jetpack_shortlink":"https:\/\/wp.me\/p62QDO-2va","jetpack_sharing_enabled":true,"amp_enabled":true,"_links":{"self":[{"href":"https:\/\/armstrongyregion.com.ar\/diario\/wp-json\/wp\/v2\/posts\/9620","targetHints":{"allow":["GET"]}}],"collection":[{"href":"https:\/\/armstrongyregion.com.ar\/diario\/wp-json\/wp\/v2\/posts"}],"about":[{"href":"https:\/\/armstrongyregion.com.ar\/diario\/wp-json\/wp\/v2\/types\/post"}],"author":[{"embeddable":true,"href":"https:\/\/armstrongyregion.com.ar\/diario\/wp-json\/wp\/v2\/users\/2"}],"replies":[{"embeddable":true,"href":"https:\/\/armstrongyregion.com.ar\/diario\/wp-json\/wp\/v2\/comments?post=9620"}],"version-history":[{"count":0,"href":"https:\/\/armstrongyregion.com.ar\/diario\/wp-json\/wp\/v2\/posts\/9620\/revisions"}],"wp:featuredmedia":[{"embeddable":true,"href":"https:\/\/armstrongyregion.com.ar\/diario\/wp-json\/wp\/v2\/media\/9621"}],"wp:attachment":[{"href":"https:\/\/armstrongyregion.com.ar\/diario\/wp-json\/wp\/v2\/media?parent=9620"}],"wp:term":[{"taxonomy":"category","embeddable":true,"href":"https:\/\/armstrongyregion.com.ar\/diario\/wp-json\/wp\/v2\/categories?post=9620"},{"taxonomy":"post_tag","embeddable":true,"href":"https:\/\/armstrongyregion.com.ar\/diario\/wp-json\/wp\/v2\/tags?post=9620"}],"curies":[{"name":"wp","href":"https:\/\/api.w.org\/{rel}","templated":true}]}}