{"id":9617,"date":"2016-09-16T14:18:43","date_gmt":"2016-09-16T14:18:43","guid":{"rendered":"https:\/\/armstrongyregion.com.ar\/diario\/?p=9617"},"modified":"2016-09-16T14:18:43","modified_gmt":"2016-09-16T14:18:43","slug":"se-realizo-el-lanzamiento-de-la-13-muestra-nacional-de-la-pyme-las-parejas-2016","status":"publish","type":"post","link":"https:\/\/armstrongyregion.com.ar\/diario\/se-realizo-el-lanzamiento-de-la-13-muestra-nacional-de-la-pyme-las-parejas-2016\/","title":{"rendered":"Se realizo el Lanzamiento de la 13\u00b0 Muestra Nacional de la Pyme Las Parejas 2016."},"content":{"rendered":"<p><a href=\"http:\/\/armstrongyregion.com.ar\/diario\/wp-content\/uploads\/2016\/09\/muestra-pyme.jpg\"><img loading=\"lazy\" decoding=\"async\" src=\"http:\/\/armstrongyregion.com.ar\/diario\/wp-content\/uploads\/2016\/09\/muestra-pyme.jpg\" alt=\"muestra-pyme\" width=\"960\" height=\"540\" class=\"alignnone size-full wp-image-9618\" srcset=\"https:\/\/armstrongyregion.com.ar\/diario\/wp-content\/uploads\/2016\/09\/muestra-pyme.jpg 960w, https:\/\/armstrongyregion.com.ar\/diario\/wp-content\/uploads\/2016\/09\/muestra-pyme-300x169.jpg 300w\" sizes=\"auto, (max-width: 960px) 100vw, 960px\" \/><\/a>El Intendente Horacio Compagnucci, junto al Ministro de la Producci\u00f3n Luis Contiagiani, gabinete y representantes de los distintos sectores de la ciudad, ofrecieron una conferencia de prensa en la noche del 13 de setiembre en donde se detallaron las actividades que se realizar\u00e1n en el marco de la 13\u00ba Edici\u00f3n de la PyME Agroindustrial \u201cLas Parejas 2016\u201d, Heraldo \u201cBocha\u201d Mansilla a realizarse los d\u00edas 7, 8, 9 de Octubre en el Predio Municipal. El Intendente Compagnucci dio la bienvenida a las autoridades presente, como as\u00ed tambi\u00e9n a los periodistas de distintos medios locales, regionales y nacionales que se dieron cita para esta presentaci\u00f3n; agradeciendo a todos los que conforman el equipo de trabajo de la organizaci\u00f3n, haciendo hincapi\u00e9 en el Gobernador Lifschitz y el Ministro Contigiani porque \u201cr\u00e1pidamente desde el primer momento apoyaron la Muestra, entendiendo que esta es una de las principales zonas metalmec\u00e1nica que tiene todo el pa\u00eds y las empresas que exponen son de capitales locales\u201d, para agregar que en la regi\u00f3n han logrado lo que se buscaba, diversificar la producci\u00f3n, \u201cque no dependamos solo de la actividad metalmec\u00e1nica sino tambi\u00e9n de otro tipo de actividades, ganando mercados internacionales, posicionando a la regi\u00f3n de una manera muy importante\u201d.<br \/>\nCompagnucci manifest\u00f3 que la Muestra tendr\u00e1 un sector industrial muy importante, \u201cestar\u00e1 funcionando la ronda de negocios el d\u00eda viernes, din\u00e1mica, exposici\u00f3n comercial, artesan\u00eda, y en esta Muestra por primera vez, luego de debates en el grupo, no habr\u00e1 elecci\u00f3n de reina; adem\u00e1s que en esta ocasi\u00f3n seremos sede del Pre Cosqu\u00edn jerarquizando la misma, siendo una inmejorable oportunidad para los artistas, poder llegar al escenario mayor de Cosqu\u00edn\u201d.<br \/>\nEl Ministro de la Producci\u00f3n de Santa Fe Luis Contigiani, destaco la importancia que tiene esta Muestra para la provincia de Santa Fe, convoc\u00f3 a toda la ciudadan\u00eda a participar activamente en esta Edici\u00f3n, porque el modelo socio productivo de Las Parejas es un ejemplo, que tiene que mostrarse y replicarse en todos los rincones de nuestra provincia.<br \/>\nPor su parte el Senador Guillermo Cornaglia asegur\u00f3 que estaba orgulloso de ser parte de esta fiesta para todos, \u201calgo que no es solo para el Departamento Belgrano sino para la provincia, debemos hacerla cada a\u00f1o m\u00e1s grande, como siempre fue la idea de los que la originaron y los que ahora la contin\u00faan; no es sencillo llevar adelante una muestra, m\u00e1s en los tiempos que corren; me siento orgulloso de poder ser parte de este acontecimiento, de este evento ya no de la regi\u00f3n sino que pertenece a la provincia\u201d manifest\u00f3 Guillermo.<br \/>\nEl Secretario de Industria y Desarrollo Local, Fabi\u00e1n Mascheroni, expres\u00f3 que la Muestra, en esta Edici\u00f3n, seguir\u00e1 profundizando con componentes y actividades, en conjunto con el Ministerio de Producci\u00f3n Nacional y Provincial, ADIMRA, Fundaci\u00f3n CIDETER y el Centro Industrial y el Centro Agropecuario local, y un esquema que permita seguir generando negocios para empresas agroindustriales de la ciudad, la regi\u00f3n y el pa\u00eds. En este sentido destac\u00f3, que adem\u00e1s de la Ronda de Negocios Internacional, con nuevos mercados como Australia, Latinoam\u00e9rica o Sud\u00e1frica. Por ultimo destac\u00f3 que en la est\u00e1tica habr\u00e1 nuevas empresas exponiendo y presentaciones de maquinarias agroindustriales en din\u00e1mica en mayor n\u00famero que la Edici\u00f3n anterior, llegando a m\u00e1s de 120 maquinarias. Adem\u00e1s este a\u00f1o el Banco Naci\u00f3n, estar\u00e1 con un tr\u00e1iler institucional, con charlas a los productores sobre financiamiento a tasas subsidiadas para comprar maquinarias agr\u00edcolas.<\/p>\n<p>En su momento Sergio De Benedetti, dio detalles del aporte de los comercios de la ciudad que participaran este a\u00f1o, siempre con la expectativa de poder superar en cantidad a las ediciones anteriores ya que a\u00fan quedan varios d\u00edas por delante para sumarse.<br \/>\nLa Secretaria de Cultura y Educaci\u00f3n detall\u00f3 las actividades que se podr\u00e1n disfrutar en la Muestra: con respecto al Escenario Mayor, las tres noches habr\u00e1 presencia de los Talleres de Casa de la Cultura, sus profesores desde comienzo de a\u00f1o vienen trabajo en la Presentaci\u00f3n de cada noche y tambi\u00e9n en quienes van a interpretar el Himno de la Pyme, himno que nos identifica tanto, este a\u00f1o el Grupo Vocal Las Parejas est\u00e1 trabajando en lo que ser\u00e1 la puesta en escena. Adem\u00e1s este a\u00f1o se suma el Pre- Cosquin a la Muestra, Las Parejas ser\u00e1 sede de un evento a nivel nacional que realza esta 13\u00ba Edici\u00f3n, el mismo busca reconocer el talento de artistas de todo el pa\u00eds que presenten propuestas de ra\u00edz folkl\u00f3rica en m\u00fasica y danza, d\u00e1ndoles la posibilidad de llegar con su propuesta al Festival de Folklore de Cosqu\u00edn. A continuaci\u00f3n se detalla la grilla completa de las tres noches: VIERNES 07 de Octubre desde 19:00 hs BATUKALEGRE, RITMO AAC, TRIBUTO A PAPPO, CARPOSAURIOS, RITMO DE MORPHOSIS, AMAPOLA, DANZAS MODERNAS, BANDIDOS RURALES (GANADOR CARPERO 2016), DANZAS \u00c1RABES Y EL VILLANO. S\u00c1BADO 08 de Octubre desde las 20:30 hs BANDA MUNICIPAL, GRUPO VOCAL LAS PAREJAS, TRINIDAD, DANZAS MODERNAS, COMBO 10, FLAMENCO, LOS SO\u00d1ADORES (GANADOR CARPERO 2016), BEMBA COLOR\u00c1 y LA VANIDOSA. DOMINGO 09 de Octubre desde las 19:45 hs JESU\u00c1N MOYANO Y SU CONJUNTO, TALLER FOLCLORE NI\u00d1OS,TALLER DE GUITARRA, VIOLIN, TECLADO, TALLER DE TANGO, FRANCO MASIGNANNI, SANGRE NATIVA, ANDRES CLERC, BEMBA COLOR\u00c1, LALO FARIAS ( GANADOR CARPERO 2016), TALLER FOLKLORE ADULTOS \u00a8ESPIRITU CRIOLLO\u00a8 y el cierre SERGIO GALLEGUILLO.<\/p>\n<p>Seguidamente Lic. Georgina Pieretti indic\u00f3 \u201cque hay muy buena expectativa con la Feria de Emprendedores de le Econom\u00eda Social y adem\u00e1s convoco a todos los artesanos, emprendedores y personas que realicen manualidades, a participar de la Muestra Pyme \u201cLas Parejas 2016\u201d.Los interesados deben concurrir a la Secretaria de Desarrollo Social de lunes a viernes de 7 a 13 hrs, hasta el d\u00eda viernes 30 de septiembre inclusive.<br \/>\n.<br \/>\nEstuvieron presentes el Presidente del Concejo Municipal M\u00f3nica Nobile, el Senador Provincial Guillermo Cornaglia, el Vicepresidente del Centro Industrial de Las Parejas, Carlos Capisano, el Presidente del Centro Agropecuario Rub\u00e9n Braghieri, el Secretario de Industria y Desarrollo Econ\u00f3mico Prof. Fabi\u00e1n Mascheroni, Directora de Cultura y Educaci\u00f3n Prof. Erica Molteni, la Secretaria de Desarrollo Social Lic Georgina Pieretti, el Coordinador de Gabinete Sergio De Benedetti, el Diputado Pcial Miguel Solis, miembros del gabinete municipal, y del Concejo Municipal, instituciones intermedias de la ciudad y medios de comunicaci\u00f3n.<\/p>\n","protected":false},"excerpt":{"rendered":"<p>El Intendente Horacio Compagnucci, junto al Ministro de la Producci\u00f3n Luis Contiagiani, gabinete y representantes de los distintos sectores de la ciudad, ofrecieron una conferencia de prensa en la noche del 13 de setiembre en donde se detallaron las actividades que se realizar\u00e1n en el marco de la 13\u00ba Edici\u00f3n de la PyME Agroindustrial \u201cLas <a href=\"https:\/\/armstrongyregion.com.ar\/diario\/se-realizo-el-lanzamiento-de-la-13-muestra-nacional-de-la-pyme-las-parejas-2016\/\" title=\"Read more\" >&#8230;<\/a><\/p>\n","protected":false},"author":2,"featured_media":9618,"comment_status":"open","ping_status":"open","sticky":false,"template":"","format":"standard","meta":{"_jetpack_memberships_contains_paid_content":false,"footnotes":"","jetpack_publicize_message":"","jetpack_publicize_feature_enabled":true,"jetpack_social_post_already_shared":false,"jetpack_social_options":{"image_generator_settings":{"template":"highway","default_image_id":0,"enabled":false},"version":2}},"categories":[1,2,3],"tags":[3115,620,23,24,2432],"class_list":["post-9617","post","type-post","status-publish","format-standard","has-post-thumbnail","hentry","category-diario-armstrong","category-locales","category-region","tag-3115","tag-fiesta","tag-las","tag-parejas","tag-pyme"],"jetpack_publicize_connections":[],"jetpack_featured_media_url":"https:\/\/armstrongyregion.com.ar\/diario\/wp-content\/uploads\/2016\/09\/muestra-pyme.jpg","jetpack_shortlink":"https:\/\/wp.me\/p62QDO-2v7","jetpack_sharing_enabled":true,"amp_enabled":true,"_links":{"self":[{"href":"https:\/\/armstrongyregion.com.ar\/diario\/wp-json\/wp\/v2\/posts\/9617","targetHints":{"allow":["GET"]}}],"collection":[{"href":"https:\/\/armstrongyregion.com.ar\/diario\/wp-json\/wp\/v2\/posts"}],"about":[{"href":"https:\/\/armstrongyregion.com.ar\/diario\/wp-json\/wp\/v2\/types\/post"}],"author":[{"embeddable":true,"href":"https:\/\/armstrongyregion.com.ar\/diario\/wp-json\/wp\/v2\/users\/2"}],"replies":[{"embeddable":true,"href":"https:\/\/armstrongyregion.com.ar\/diario\/wp-json\/wp\/v2\/comments?post=9617"}],"version-history":[{"count":0,"href":"https:\/\/armstrongyregion.com.ar\/diario\/wp-json\/wp\/v2\/posts\/9617\/revisions"}],"wp:featuredmedia":[{"embeddable":true,"href":"https:\/\/armstrongyregion.com.ar\/diario\/wp-json\/wp\/v2\/media\/9618"}],"wp:attachment":[{"href":"https:\/\/armstrongyregion.com.ar\/diario\/wp-json\/wp\/v2\/media?parent=9617"}],"wp:term":[{"taxonomy":"category","embeddable":true,"href":"https:\/\/armstrongyregion.com.ar\/diario\/wp-json\/wp\/v2\/categories?post=9617"},{"taxonomy":"post_tag","embeddable":true,"href":"https:\/\/armstrongyregion.com.ar\/diario\/wp-json\/wp\/v2\/tags?post=9617"}],"curies":[{"name":"wp","href":"https:\/\/api.w.org\/{rel}","templated":true}]}}