{"id":9610,"date":"2016-09-16T12:05:04","date_gmt":"2016-09-16T12:05:04","guid":{"rendered":"https:\/\/armstrongyregion.com.ar\/diario\/?p=9610"},"modified":"2016-09-16T12:05:04","modified_gmt":"2016-09-16T12:05:04","slug":"hay-que-pensar-en-un-pais-con-politicas-de-estado-a-largo-plazo","status":"publish","type":"post","link":"https:\/\/armstrongyregion.com.ar\/diario\/hay-que-pensar-en-un-pais-con-politicas-de-estado-a-largo-plazo\/","title":{"rendered":"\u201cHay que pensar en un pais con pol\u00edticas de estado a largo plazo\u201d."},"content":{"rendered":"<p><a href=\"http:\/\/armstrongyregion.com.ar\/diario\/wp-content\/uploads\/2016\/09\/Partido-Socialista.jpg\"><img loading=\"lazy\" decoding=\"async\" src=\"http:\/\/armstrongyregion.com.ar\/diario\/wp-content\/uploads\/2016\/09\/Partido-Socialista.jpg\" alt=\"partido-socialista\" width=\"768\" height=\"511\" class=\"alignnone size-full wp-image-9611\" srcset=\"https:\/\/armstrongyregion.com.ar\/diario\/wp-content\/uploads\/2016\/09\/Partido-Socialista.jpg 768w, https:\/\/armstrongyregion.com.ar\/diario\/wp-content\/uploads\/2016\/09\/Partido-Socialista-300x200.jpg 300w\" sizes=\"auto, (max-width: 768px) 100vw, 768px\" \/><\/a>El presidente de la C\u00e1mara de Diputados de Santa Fe y actual presidente del Partido Socialista a nivel nacional, Antonio Bonfatti, fue una de las autoridades que visit\u00f3 el Campamento de las Juventudes Socialistas. En di\u00e1logo exclusivo con El Informe, analiz\u00f3 la actualidad del Frente Progresista y la coyuntura nacional.<\/p>\n<p>FUENTE: PERIODICO EL INFORME DE LA CIUDAD (CA\u00d1ADA DE GOMEZ)<\/p>\n<p> Adem\u00e1s de reunirse con los cientos de j\u00f3venes desde distintas localidades de la provincia que se dieron cita en el Campamento, el ex gobernador santafesino se entrevist\u00f3 con la Comisi\u00f3n Directiva del Club Atl\u00e9tico Newell\u2019s Old Boys para interiorizarse sobre el presente del club y sus proyectos previstos de cara al centenario que se conmemora el a\u00f1o pr\u00f3ximo y habl\u00f3 con El Informe: <\/p>\n<p>\u00bfQu\u00e9 le genera la participaci\u00f3n de tantos j\u00f3venes en una actividad at\u00edpica como \u00e9sta?<br \/>\nA.B.: No es at\u00edpica para los j\u00f3venes del socialismo. Precisamente hace casi tres semanas hubo una reuni\u00f3n de la juventud de la Regi\u00f3n Centro en Paran\u00e1, tambi\u00e9n este mismo fin de semana se desarroll\u00f3 un reuni\u00f3n en Tucum\u00e1n y pr\u00f3ximamente en otras regiones del pa\u00eds. Para nosotros es importante que la juventud se re\u00fana, comparta, discuta cuestiones de la vida cotidiana, el presente, el futuro, que conserve sus ideales, que luche para transformar la realidad y este es siempre el mensaje que queremos dar.<br \/>\n\u00bfEsto habla tambi\u00e9n de la organizaci\u00f3n del Partido?<br \/>\nA.B.: Obviamente. Tiene todos sus cuerpos org\u00e1nicos en funcionamiento. Usted sabe que la m\u00e1xima autoridad del Partido es el Congreso y, a partir del mismo, se eligen las autoridades cada dos a\u00f1os. Adem\u00e1s el Partido tiene su Mesa Ejecutiva, Comit\u00e9 Directivo, Secretar\u00edas y Federaciones Nacionales.<br \/>\nY como m\u00e1xima autoridad del Partido est\u00e1 recorriendo todo el pa\u00eds\u2026<br \/>\nA.B.: Estamos recorriendo el pa\u00eds pretendiendo que los socialistas no perdamos nuestra identidad y nuestros ideales que dieron origen a un Partido que precisamente ha cumplido 120 a\u00f1os. Hoy m\u00e1s que nunca est\u00e1n vigentes los principios que dieron origen al Partido Socialista: la lucha por la igualdad, la solidaridad, la libertad y la justicia en un mundo donde hay tanta inequidad, primando que 256 familias tengan la misma riqueza que el 46% de la comunidad m\u00e1s pobre. Quiere decir que es muy injusto y explica tantas cosas que suceden todos los d\u00edas como guerras, migraciones y el sufrimiento de tantos pueblos. Cuando podr\u00eda vivir todo el mundo mucho mejor si comprendi\u00e9ramos y pens\u00e1ramos m\u00e1s en el otro.<br \/>\n\u00bfPero es posible consolidar este espacio de centroizquierda a nivel nacional?<br \/>\nA.B.: Es necesario crecer. El espacio est\u00e1 y hay que ocuparlo. Indudablemente venimos de un tiempo donde se pretendi\u00f3 ocupar un espacio desde un discurso y en la pr\u00e1ctica todas las cosas siguieron pr\u00e1cticamente igual. No cambi\u00f3 la matriz productiva, la matriz tributaria, lo que fue y sigue siendo la patria financiera donde es m\u00e1s redituable poner plata en un banco que trabajar y producir. Estas son las contradicciones. No hubo mucho m\u00e1s all\u00e1 que una etapa importante de los commodities con precios exorbitantes que generaron super\u00e1vit fiscal y permiti\u00f3 una redistribuci\u00f3n por un tiempo y momento de parte de esa renta pero no se discuti\u00f3 cambiar las matrices. Cayeron luego los precios de los commodities y todo volvi\u00f3 a ser lo mismo: desocupaci\u00f3n e inflaci\u00f3n. Son las cosas que de una vez por todas debemos corregir en este pa\u00eds. En la Argentina debe haber lugar para todos, no le quepa la menor duda.<\/p>\n<p>O sea que bajo las banderas del progresismo, se instal\u00f3 un relato\u2026<br \/>\nA.B.: Bajo las banderas del progresismo, no se cambi\u00f3 la matriz. F\u00edjese que ni siquiera la energ\u00e9tica. Los m\u00e1s ricos fueron m\u00e1s ricos y los pobres fueron m\u00e1s pobres. No se puede permitir este pa\u00eds desde el discurso del progresismo tener el 34% de personas trabajando en negro o el 29% de la poblaci\u00f3n siendo pobre cuando se fue la ex presidenta en diciembre. Y ahora se sigue incrementando esta situaci\u00f3n. Creemos que podemos salir de esto con otra pol\u00edtica.<br \/>\n\u00bfY qu\u00e9 an\u00e1lisis hace de la coyuntura actual?<br \/>\nA.B.: Es un momento complejo. No negamos la herencia que tuvo este gobierno pero la misma se va profundizando. Ustedes lo deben saber en Ca\u00f1ada de G\u00f3mez: a una ciudad productiva por excelencia respecto al mueble, le llegan muebles importados y l\u00ednea blanca importada, adem\u00e1s de pollos, cerdos, calzado y vestimenta. Y encima si a esto le sumamos el tarifazo y la posibilidad de que el extranjero pueda adquirir tierras\u2026 me parece que estamos transitando un camino que ya conocemos con experiencias que no es bueno volver a recorrer.<br \/>\n\u00bfLa intenci\u00f3n es trasladar la experiencia de un Frente Progresista en Rosario y Santa Fe?<br \/>\nA.B.: Obviamente, a lo mejor los actores no son exactamente los mismos. En primer lugar uno pretende formular un proyecto para involucrar a la mayor cantidad de argentinos posibles. Lamentablemente en este pa\u00eds se elige el camino inverso. Se elige una figura o una persona y todos se encolumnan atr\u00e1s de la misma. Pero con esa \u00fanica persona no es lo que se construye en definitiva una pol\u00edtica con espacios donde todo el mundo pueda opinar y debatir para pensar en un pa\u00eds con pol\u00edticas de Estado a largo plazo.<br \/>\n\u00bfPor eso hacen tanto \u00e9nfasis en un Plan Estrat\u00e9gico?<br \/>\nA.B.: Es que el Plan Estrat\u00e9gico es una pol\u00edtica de Estado. Hay que ponerse de acuerdo entre los pueblos para decidir a d\u00f3nde se camina. Este es el gran desaf\u00edo, que la gente participe y opine. Para nosotros esto es sustancial. Y cuando en determinado momento cambia el gobierno, los proyectos deben seguir adelante porque los mismos se han consensuado acerca de la econom\u00eda para el desarrollo, acerca de c\u00f3mo incluir a la mayor cantidad de santafesinos, acerca de c\u00f3mo integrarnos como provincia, la cual es tan dis\u00edmil de norte a sur.<br \/>\n\u00bfY de su paso por la gobernaci\u00f3n, qu\u00e9 destaca como logros importantes?<br \/>\nA.B.: Fundamentalmente todos los avances que hicimos en materia de salud y educaci\u00f3n para garantizar derechos, el di\u00e1logo con el sector productivo, el desarrollo de la ciencia y la tecnolog\u00eda y el aspecto cultural donde cada santafesino puede ser protagonista. Obviamente buscando la convivencia en una sociedad fragmentada donde prima el individualismo, pero hicimos primar nuestros valores. Hacemos de la honestidad una bandera desde los or\u00edgenes de nuestro Partido cuando dec\u00eda Juan B. Justo \u201cmanos limpias y u\u00f1as cortas\u201d. Y nuestro mayor desvelo es ser fiel a ese designio que nos dej\u00f3 Juan B. Justo. Nac\u00ed como militante luchando para transformar la realidad y all\u00ed me van a encontrar, el lugar donde mis compa\u00f1eros piensen que puedo ser \u00fatil en el Frente, pero nunca anteponiendo un nombre a un cargo y por encima de un proyecto\u2026jam\u00e1s.<\/p>\n","protected":false},"excerpt":{"rendered":"<p>El presidente de la C\u00e1mara de Diputados de Santa Fe y actual presidente del Partido Socialista a nivel nacional, Antonio Bonfatti, fue una de las autoridades que visit\u00f3 el Campamento de las Juventudes Socialistas. En di\u00e1logo exclusivo con El Informe, analiz\u00f3 la actualidad del Frente Progresista y la coyuntura nacional. FUENTE: PERIODICO EL INFORME DE <a href=\"https:\/\/armstrongyregion.com.ar\/diario\/hay-que-pensar-en-un-pais-con-politicas-de-estado-a-largo-plazo\/\" title=\"Read more\" >&#8230;<\/a><\/p>\n","protected":false},"author":2,"featured_media":9611,"comment_status":"open","ping_status":"open","sticky":false,"template":"","format":"standard","meta":{"_jetpack_memberships_contains_paid_content":false,"footnotes":"","jetpack_publicize_message":"","jetpack_publicize_feature_enabled":true,"jetpack_social_post_already_shared":false,"jetpack_social_options":{"image_generator_settings":{"template":"highway","default_image_id":0,"enabled":false},"version":2}},"categories":[1,2,7,3],"tags":[4402],"class_list":["post-9610","post","type-post","status-publish","format-standard","has-post-thumbnail","hentry","category-diario-armstrong","category-locales","category-politica","category-region","tag-hay-que-pensar-en-un-pais-con-politicas-de-estado-a-largo-plazo"],"jetpack_publicize_connections":[],"jetpack_featured_media_url":"https:\/\/armstrongyregion.com.ar\/diario\/wp-content\/uploads\/2016\/09\/Partido-Socialista.jpg","jetpack_shortlink":"https:\/\/wp.me\/p62QDO-2v0","jetpack_sharing_enabled":true,"amp_enabled":true,"_links":{"self":[{"href":"https:\/\/armstrongyregion.com.ar\/diario\/wp-json\/wp\/v2\/posts\/9610","targetHints":{"allow":["GET"]}}],"collection":[{"href":"https:\/\/armstrongyregion.com.ar\/diario\/wp-json\/wp\/v2\/posts"}],"about":[{"href":"https:\/\/armstrongyregion.com.ar\/diario\/wp-json\/wp\/v2\/types\/post"}],"author":[{"embeddable":true,"href":"https:\/\/armstrongyregion.com.ar\/diario\/wp-json\/wp\/v2\/users\/2"}],"replies":[{"embeddable":true,"href":"https:\/\/armstrongyregion.com.ar\/diario\/wp-json\/wp\/v2\/comments?post=9610"}],"version-history":[{"count":0,"href":"https:\/\/armstrongyregion.com.ar\/diario\/wp-json\/wp\/v2\/posts\/9610\/revisions"}],"wp:featuredmedia":[{"embeddable":true,"href":"https:\/\/armstrongyregion.com.ar\/diario\/wp-json\/wp\/v2\/media\/9611"}],"wp:attachment":[{"href":"https:\/\/armstrongyregion.com.ar\/diario\/wp-json\/wp\/v2\/media?parent=9610"}],"wp:term":[{"taxonomy":"category","embeddable":true,"href":"https:\/\/armstrongyregion.com.ar\/diario\/wp-json\/wp\/v2\/categories?post=9610"},{"taxonomy":"post_tag","embeddable":true,"href":"https:\/\/armstrongyregion.com.ar\/diario\/wp-json\/wp\/v2\/tags?post=9610"}],"curies":[{"name":"wp","href":"https:\/\/api.w.org\/{rel}","templated":true}]}}