{"id":9607,"date":"2016-09-16T11:42:02","date_gmt":"2016-09-16T11:42:02","guid":{"rendered":"https:\/\/armstrongyregion.com.ar\/diario\/?p=9607"},"modified":"2016-09-16T11:42:02","modified_gmt":"2016-09-16T11:42:02","slug":"canada-de-gomez-15-denuncias-en-el-buzon-de-la-vida","status":"publish","type":"post","link":"https:\/\/armstrongyregion.com.ar\/diario\/canada-de-gomez-15-denuncias-en-el-buzon-de-la-vida\/","title":{"rendered":"Ca\u00f1ada de G\u00f3mez. 15 denuncias en el Buz\u00f3n de la vida."},"content":{"rendered":"<p><a href=\"http:\/\/armstrongyregion.com.ar\/diario\/wp-content\/uploads\/2016\/09\/buzon-ca\u00f1ada.jpg\"><img loading=\"lazy\" decoding=\"async\" src=\"http:\/\/armstrongyregion.com.ar\/diario\/wp-content\/uploads\/2016\/09\/buzon-ca\u00f1ada.jpg\" alt=\"buzon-canada\" width=\"768\" height=\"512\" class=\"alignnone size-full wp-image-9608\" srcset=\"https:\/\/armstrongyregion.com.ar\/diario\/wp-content\/uploads\/2016\/09\/buzon-ca\u00f1ada.jpg 768w, https:\/\/armstrongyregion.com.ar\/diario\/wp-content\/uploads\/2016\/09\/buzon-ca\u00f1ada-300x200.jpg 300w\" sizes=\"auto, (max-width: 768px) 100vw, 768px\" \/><\/a>El coordinador de Seguridad Lu\u00eds Leiva junto a  representantes de vecinales e instituciones, realiz\u00f3 una nueva apertura de esta herramienta ubicada en el Cuartel del Bomberos Voluntarios.<\/p>\n<p>En la ma\u00f1ana de hoy se realiz\u00f3 una nueva apertura del Buz\u00f3n de la Vida en las instalaciones del Cuartel de Bomberos. El acto fue encabezado por el coordinador de Seguridad Ciudadana Lu\u00eds Leiva.<br \/>\nAnte la participaci\u00f3n de representantes de instituciones y vecinales se encontraron 15 denuncias que ser\u00e1n remitidas a la Justicia Federal. Leiva destac\u00f3 el acompa\u00f1amiento y compromiso de cada una de los actores que llevan las llaves en custodia y resalt\u00f3 el trabajo que realiza el Consejo de Seguridad con la participaci\u00f3n de toda la comunidad. \u201cValoramos enormemente el acompa\u00f1amiento de los vecinos e instituciones no solo con su presencia en cada apertura del buz\u00f3n de la vida, sino tambi\u00e9n a trav\u00e9s del Consejo de Seguridad, expres\u00f3.<\/p>\n","protected":false},"excerpt":{"rendered":"<p>El coordinador de Seguridad Lu\u00eds Leiva junto a representantes de vecinales e instituciones, realiz\u00f3 una nueva apertura de esta herramienta ubicada en el Cuartel del Bomberos Voluntarios. En la ma\u00f1ana de hoy se realiz\u00f3 una nueva apertura del Buz\u00f3n de la Vida en las instalaciones del Cuartel de Bomberos. El acto fue encabezado por el <a href=\"https:\/\/armstrongyregion.com.ar\/diario\/canada-de-gomez-15-denuncias-en-el-buzon-de-la-vida\/\" title=\"Read more\" >&#8230;<\/a><\/p>\n","protected":false},"author":2,"featured_media":9608,"comment_status":"open","ping_status":"open","sticky":false,"template":"","format":"standard","meta":{"_jetpack_memberships_contains_paid_content":false,"footnotes":"","jetpack_publicize_message":"","jetpack_publicize_feature_enabled":true,"jetpack_social_post_already_shared":false,"jetpack_social_options":{"image_generator_settings":{"template":"highway","default_image_id":0,"enabled":false},"version":2}},"categories":[1,2,4],"tags":[455,163,19,31,456],"class_list":["post-9607","post","type-post","status-publish","format-standard","has-post-thumbnail","hentry","category-diario-armstrong","category-locales","category-prevencion-salud","tag-buzon","tag-canada","tag-de","tag-la","tag-vida"],"jetpack_publicize_connections":[],"jetpack_featured_media_url":"https:\/\/armstrongyregion.com.ar\/diario\/wp-content\/uploads\/2016\/09\/buzon-ca\u00f1ada.jpg","jetpack_shortlink":"https:\/\/wp.me\/p62QDO-2uX","jetpack_sharing_enabled":true,"amp_enabled":true,"_links":{"self":[{"href":"https:\/\/armstrongyregion.com.ar\/diario\/wp-json\/wp\/v2\/posts\/9607","targetHints":{"allow":["GET"]}}],"collection":[{"href":"https:\/\/armstrongyregion.com.ar\/diario\/wp-json\/wp\/v2\/posts"}],"about":[{"href":"https:\/\/armstrongyregion.com.ar\/diario\/wp-json\/wp\/v2\/types\/post"}],"author":[{"embeddable":true,"href":"https:\/\/armstrongyregion.com.ar\/diario\/wp-json\/wp\/v2\/users\/2"}],"replies":[{"embeddable":true,"href":"https:\/\/armstrongyregion.com.ar\/diario\/wp-json\/wp\/v2\/comments?post=9607"}],"version-history":[{"count":0,"href":"https:\/\/armstrongyregion.com.ar\/diario\/wp-json\/wp\/v2\/posts\/9607\/revisions"}],"wp:featuredmedia":[{"embeddable":true,"href":"https:\/\/armstrongyregion.com.ar\/diario\/wp-json\/wp\/v2\/media\/9608"}],"wp:attachment":[{"href":"https:\/\/armstrongyregion.com.ar\/diario\/wp-json\/wp\/v2\/media?parent=9607"}],"wp:term":[{"taxonomy":"category","embeddable":true,"href":"https:\/\/armstrongyregion.com.ar\/diario\/wp-json\/wp\/v2\/categories?post=9607"},{"taxonomy":"post_tag","embeddable":true,"href":"https:\/\/armstrongyregion.com.ar\/diario\/wp-json\/wp\/v2\/tags?post=9607"}],"curies":[{"name":"wp","href":"https:\/\/api.w.org\/{rel}","templated":true}]}}