{"id":9604,"date":"2016-09-15T15:38:06","date_gmt":"2016-09-15T15:38:06","guid":{"rendered":"https:\/\/armstrongyregion.com.ar\/diario\/?p=9604"},"modified":"2016-09-15T15:38:06","modified_gmt":"2016-09-15T15:38:06","slug":"marcha-contra-la-inseguridad-en-armstrong","status":"publish","type":"post","link":"https:\/\/armstrongyregion.com.ar\/diario\/marcha-contra-la-inseguridad-en-armstrong\/","title":{"rendered":"Marcha contra la inseguridad en Armstrong."},"content":{"rendered":"<p><a href=\"http:\/\/armstrongyregion.com.ar\/diario\/wp-content\/uploads\/2016\/09\/Marcha-.jpg\"><img loading=\"lazy\" decoding=\"async\" src=\"http:\/\/armstrongyregion.com.ar\/diario\/wp-content\/uploads\/2016\/09\/Marcha-.jpg\" alt=\"marcha\" width=\"960\" height=\"539\" class=\"alignnone size-full wp-image-9605\" srcset=\"https:\/\/armstrongyregion.com.ar\/diario\/wp-content\/uploads\/2016\/09\/Marcha-.jpg 960w, https:\/\/armstrongyregion.com.ar\/diario\/wp-content\/uploads\/2016\/09\/Marcha--300x168.jpg 300w\" sizes=\"auto, (max-width: 960px) 100vw, 960px\" \/><\/a>Se confirm\u00f3 una movilizaci\u00f3n de los ciudadanos de nuestra ciudad, donde a partir de redes sociales, un grupo de personas comenzaron a dar forma a esta marcha, a la que se convoca para el pr\u00f3ximo lunes 19 a las 20hs, saliendo desde la Plaza Flotron y marchando pac\u00edficamente hacia la Comisar\u00eda 3ra de Armstrong.<br \/>\nEl detonante, seg\u00fan lo que nos dice Carla, una de las vecinas que organizan, \u201ces el caso de B\u00e1rbara, la chica a la que le robaron el celular, en plena tarde, en pleno centro y en forma violenta. Queremos convocar a las autoridades de la ciudad, porque ellos son responsables de nuestra seguridad, a las instituciones intermedias, al ciudadano com\u00fan que vive angustiado, porque si no le toco, le puede pasar en cualquier momento\u201d.<br \/>\nLa joven finaliz\u00f3: \u201cEst\u00e1n todos invitados a marchar pac\u00edficamente, tenemos que manifestarnos  y participar\u201d.<br \/>\nFuente: Jorge Tagina.<\/p>\n","protected":false},"excerpt":{"rendered":"<p>Se confirm\u00f3 una movilizaci\u00f3n de los ciudadanos de nuestra ciudad, donde a partir de redes sociales, un grupo de personas comenzaron a dar forma a esta marcha, a la que se convoca para el pr\u00f3ximo lunes 19 a las 20hs, saliendo desde la Plaza Flotron y marchando pac\u00edficamente hacia la Comisar\u00eda 3ra de Armstrong. El <a href=\"https:\/\/armstrongyregion.com.ar\/diario\/marcha-contra-la-inseguridad-en-armstrong\/\" title=\"Read more\" >&#8230;<\/a><\/p>\n","protected":false},"author":2,"featured_media":9605,"comment_status":"open","ping_status":"open","sticky":false,"template":"","format":"standard","meta":{"_jetpack_memberships_contains_paid_content":false,"footnotes":"","jetpack_publicize_message":"","jetpack_publicize_feature_enabled":true,"jetpack_social_post_already_shared":false,"jetpack_social_options":{"image_generator_settings":{"template":"highway","default_image_id":0,"enabled":false},"version":2}},"categories":[1,2,3],"tags":[20,1161,15,4401,31,276],"class_list":["post-9604","post","type-post","status-publish","format-standard","has-post-thumbnail","hentry","category-diario-armstrong","category-locales","category-region","tag-armstrong","tag-contra","tag-en","tag-insegutridad","tag-la","tag-marcha"],"jetpack_publicize_connections":[],"jetpack_featured_media_url":"https:\/\/armstrongyregion.com.ar\/diario\/wp-content\/uploads\/2016\/09\/Marcha-.jpg","jetpack_shortlink":"https:\/\/wp.me\/p62QDO-2uU","jetpack_sharing_enabled":true,"amp_enabled":true,"_links":{"self":[{"href":"https:\/\/armstrongyregion.com.ar\/diario\/wp-json\/wp\/v2\/posts\/9604","targetHints":{"allow":["GET"]}}],"collection":[{"href":"https:\/\/armstrongyregion.com.ar\/diario\/wp-json\/wp\/v2\/posts"}],"about":[{"href":"https:\/\/armstrongyregion.com.ar\/diario\/wp-json\/wp\/v2\/types\/post"}],"author":[{"embeddable":true,"href":"https:\/\/armstrongyregion.com.ar\/diario\/wp-json\/wp\/v2\/users\/2"}],"replies":[{"embeddable":true,"href":"https:\/\/armstrongyregion.com.ar\/diario\/wp-json\/wp\/v2\/comments?post=9604"}],"version-history":[{"count":0,"href":"https:\/\/armstrongyregion.com.ar\/diario\/wp-json\/wp\/v2\/posts\/9604\/revisions"}],"wp:featuredmedia":[{"embeddable":true,"href":"https:\/\/armstrongyregion.com.ar\/diario\/wp-json\/wp\/v2\/media\/9605"}],"wp:attachment":[{"href":"https:\/\/armstrongyregion.com.ar\/diario\/wp-json\/wp\/v2\/media?parent=9604"}],"wp:term":[{"taxonomy":"category","embeddable":true,"href":"https:\/\/armstrongyregion.com.ar\/diario\/wp-json\/wp\/v2\/categories?post=9604"},{"taxonomy":"post_tag","embeddable":true,"href":"https:\/\/armstrongyregion.com.ar\/diario\/wp-json\/wp\/v2\/tags?post=9604"}],"curies":[{"name":"wp","href":"https:\/\/api.w.org\/{rel}","templated":true}]}}