{"id":9585,"date":"2016-09-14T11:47:02","date_gmt":"2016-09-14T11:47:02","guid":{"rendered":"https:\/\/armstrongyregion.com.ar\/diario\/?p=9585"},"modified":"2016-09-14T11:47:02","modified_gmt":"2016-09-14T11:47:02","slug":"canada-de-gomez-invitacion-a-charla-sobre-uso-eficiente-y-racional-de-la-energia","status":"publish","type":"post","link":"https:\/\/armstrongyregion.com.ar\/diario\/canada-de-gomez-invitacion-a-charla-sobre-uso-eficiente-y-racional-de-la-energia\/","title":{"rendered":"Ca\u00f1ada de G\u00f3mez. Invitacion a charla sobre uso eficiente y racional de la energ\u00eda."},"content":{"rendered":"<p><a href=\"http:\/\/armstrongyregion.com.ar\/diario\/wp-content\/uploads\/2016\/09\/Casa-bicentenario.jpg\"><img loading=\"lazy\" decoding=\"async\" src=\"http:\/\/armstrongyregion.com.ar\/diario\/wp-content\/uploads\/2016\/09\/Casa-bicentenario.jpg\" alt=\"casa-bicentenario\" width=\"960\" height=\"640\" class=\"alignnone size-full wp-image-9586\" srcset=\"https:\/\/armstrongyregion.com.ar\/diario\/wp-content\/uploads\/2016\/09\/Casa-bicentenario.jpg 960w, https:\/\/armstrongyregion.com.ar\/diario\/wp-content\/uploads\/2016\/09\/Casa-bicentenario-300x200.jpg 300w\" sizes=\"auto, (max-width: 960px) 100vw, 960px\" \/><\/a>Se dictar\u00e1 hoy mi\u00e9rcoles de 18 a 20 hs en Casa del Bicentenario, organizada por la municipalidad de Ca\u00f1ada de G\u00f3mez y la Secretar\u00eda de Energ\u00eda de Santa Fe.<\/p>\n<p>La Municipalidad de Ca\u00f1ada de G\u00f3mez y la Secretar\u00eda de Energ\u00eda de Santa Fe invitan a la charla sobre uso eficiente y racional de la energ\u00eda que se dictar\u00e1 este mi\u00e9rcoles 14 de septiembre de 18 a 20 hs. en Casa del Bicentenario.<br \/>\nLa misma est\u00e1 dirigida a usurarios residenciales, comerciantes y prestadores de servicios. El objetivo general es concientizar a la poblaci\u00f3n sobre la importancia y la necesidad de generar buenos h\u00e1bitos en el consumo de energ\u00eda y compartir conceptos y criterios con quienes en sus actividades cotidianas, toman decisiones que inciden en el desempe\u00f1o energ\u00e9tico de sistemas a su cargo.<\/p>\n","protected":false},"excerpt":{"rendered":"<p>Se dictar\u00e1 hoy mi\u00e9rcoles de 18 a 20 hs en Casa del Bicentenario, organizada por la municipalidad de Ca\u00f1ada de G\u00f3mez y la Secretar\u00eda de Energ\u00eda de Santa Fe. La Municipalidad de Ca\u00f1ada de G\u00f3mez y la Secretar\u00eda de Energ\u00eda de Santa Fe invitan a la charla sobre uso eficiente y racional de la energ\u00eda <a href=\"https:\/\/armstrongyregion.com.ar\/diario\/canada-de-gomez-invitacion-a-charla-sobre-uso-eficiente-y-racional-de-la-energia\/\" title=\"Read more\" >&#8230;<\/a><\/p>\n","protected":false},"author":2,"featured_media":9586,"comment_status":"open","ping_status":"open","sticky":false,"template":"","format":"standard","meta":{"_jetpack_memberships_contains_paid_content":false,"footnotes":"","jetpack_publicize_message":"","jetpack_publicize_feature_enabled":true,"jetpack_social_post_already_shared":false,"jetpack_social_options":{"image_generator_settings":{"template":"highway","default_image_id":0,"enabled":false},"version":2}},"categories":[6,1,3],"tags":[432,19,1800,118,4395],"class_list":["post-9585","post","type-post","status-publish","format-standard","has-post-thumbnail","hentry","category-cultura-entretenimiento","category-diario-armstrong","category-region","tag-charla","tag-de","tag-energia","tag-sobre","tag-uso"],"jetpack_publicize_connections":[],"jetpack_featured_media_url":"https:\/\/armstrongyregion.com.ar\/diario\/wp-content\/uploads\/2016\/09\/Casa-bicentenario.jpg","jetpack_shortlink":"https:\/\/wp.me\/p62QDO-2uB","jetpack_sharing_enabled":true,"amp_enabled":true,"_links":{"self":[{"href":"https:\/\/armstrongyregion.com.ar\/diario\/wp-json\/wp\/v2\/posts\/9585","targetHints":{"allow":["GET"]}}],"collection":[{"href":"https:\/\/armstrongyregion.com.ar\/diario\/wp-json\/wp\/v2\/posts"}],"about":[{"href":"https:\/\/armstrongyregion.com.ar\/diario\/wp-json\/wp\/v2\/types\/post"}],"author":[{"embeddable":true,"href":"https:\/\/armstrongyregion.com.ar\/diario\/wp-json\/wp\/v2\/users\/2"}],"replies":[{"embeddable":true,"href":"https:\/\/armstrongyregion.com.ar\/diario\/wp-json\/wp\/v2\/comments?post=9585"}],"version-history":[{"count":0,"href":"https:\/\/armstrongyregion.com.ar\/diario\/wp-json\/wp\/v2\/posts\/9585\/revisions"}],"wp:featuredmedia":[{"embeddable":true,"href":"https:\/\/armstrongyregion.com.ar\/diario\/wp-json\/wp\/v2\/media\/9586"}],"wp:attachment":[{"href":"https:\/\/armstrongyregion.com.ar\/diario\/wp-json\/wp\/v2\/media?parent=9585"}],"wp:term":[{"taxonomy":"category","embeddable":true,"href":"https:\/\/armstrongyregion.com.ar\/diario\/wp-json\/wp\/v2\/categories?post=9585"},{"taxonomy":"post_tag","embeddable":true,"href":"https:\/\/armstrongyregion.com.ar\/diario\/wp-json\/wp\/v2\/tags?post=9585"}],"curies":[{"name":"wp","href":"https:\/\/api.w.org\/{rel}","templated":true}]}}