{"id":957,"date":"2015-02-22T23:49:19","date_gmt":"2015-02-22T23:49:19","guid":{"rendered":"https:\/\/armstrongyregion.com.ar\/diario\/?p=957"},"modified":"2015-02-22T23:49:19","modified_gmt":"2015-02-22T23:49:19","slug":"canada-de-gomez-congrego-a-una-multitud-con-el-regreso-del-carnaval","status":"publish","type":"post","link":"https:\/\/armstrongyregion.com.ar\/diario\/canada-de-gomez-congrego-a-una-multitud-con-el-regreso-del-carnaval\/","title":{"rendered":"Ca\u00f1ada de G\u00f3mez congreg\u00f3 a una multitud con el regreso del carnaval."},"content":{"rendered":"<p><a href=\"http:\/\/armstrongyregion.com.ar\/diario\/wp-content\/uploads\/2015\/02\/IMG_0133.jpg\"><img loading=\"lazy\" decoding=\"async\" class=\"alignnone size-medium wp-image-958\" src=\"http:\/\/armstrongyregion.com.ar\/diario\/wp-content\/uploads\/2015\/02\/IMG_0133-300x200.jpg\" alt=\"Carnavales Ca\u00f1ada\" width=\"300\" height=\"200\" srcset=\"https:\/\/armstrongyregion.com.ar\/diario\/wp-content\/uploads\/2015\/02\/IMG_0133-300x200.jpg 300w, https:\/\/armstrongyregion.com.ar\/diario\/wp-content\/uploads\/2015\/02\/IMG_0133.jpg 600w\" sizes=\"auto, (max-width: 300px) 100vw, 300px\" \/><\/a>La iniciativa de la gesti\u00f3n municipal junto a los clubes moviliz\u00f3 a miles de ca\u00f1adenses hasta Plaza San Mart\u00edn. Hubo baile de carnaval,<br \/>\nmurgas locales y un gran despliegue de color con la comparsa Maring\u00e1.<\/p>\n<p>\u201cEstamos orgullosos de haber recuperado un festejo tan querido para los ca\u00f1adenses como son los carnavales, con una gran participaci\u00f3n de los<br \/>\nclubes, las instituciones y los barrios con sus entra\u00f1ables murgas y comparsas\u201d, defini\u00f3 con emoci\u00f3n la intendenta Stella Cl\u00e9rici, quien<br \/>\nimpuls\u00f3 desde su gesti\u00f3n junto a las entidades deportivas el retorno de los corsos a Ca\u00f1ada de G\u00f3mez.<\/p>\n<p>La jornada inici\u00f3 en Plaza de las Colectividades, que hoy concentra la atenci\u00f3n de chicos y grandes por la intervenci\u00f3n tem\u00e1tica en ella con<br \/>\nmotivo del carnaval. Desde all\u00ed partieron cientos de ni\u00f1os de las colonias de los clubes junto a murgas de distintos barrios, rumbo a<br \/>\nPlaza San Mart\u00edn donde los aguardaba una multitud.<\/p>\n<p>Luego fue el turno de la comparsa Maring\u00e1, proveniente de Carcara\u00f1a, que con sus m\u00e1s de ciento cincuenta integrantes en escena deleit\u00f3 por su<br \/>\ndespliegue de vestuario y color. El p\u00fablico acompa\u00f1\u00f3 con entusiasmo su paso por boulevard Balcarce hasta el final de su recorrido por Schnack y<br \/>\nAizpuru.<\/p>\n<p>A continuaci\u00f3n desfilaron Estrella del Sur y Puerto Nuevo, las dos formaciones locales, que con apoyo del municipio lograron prepararse en<br \/>\ntiempo record para estar presente.<\/p>\n<p>Finalmente los grupos Locos por la Cumbia y Los Musiqueros de Santa Fe fueron los encargados de animar el baile de carnaval, hasta bien<br \/>\nentrada la madrugada. Para la conducci\u00f3n del evento fueron convocados Tumba Show y Marcela Paez, en tanto el servicio de buffet fue explotado<br \/>\npor distintos clubes de la ciudad.<\/p>\n<p>\u201cFue una gran fiesta popular que los ca\u00f1adenses se merec\u00edan volver a<br \/>\nvivir. Sin dudas vamos a redoblar nuestros esfuerzos para que el a\u00f1o<br \/>\npr\u00f3ximo este festejo se potencie\u201d, concluy\u00f3 la intendenta junto a su<br \/>\nequipo de gobierno.<\/p>\n","protected":false},"excerpt":{"rendered":"<p>La iniciativa de la gesti\u00f3n municipal junto a los clubes moviliz\u00f3 a miles de ca\u00f1adenses hasta Plaza San Mart\u00edn. Hubo baile de carnaval, murgas locales y un gran despliegue de color con la comparsa Maring\u00e1. \u201cEstamos orgullosos de haber recuperado un festejo tan querido para los ca\u00f1adenses como son los carnavales, con una gran participaci\u00f3n <a href=\"https:\/\/armstrongyregion.com.ar\/diario\/canada-de-gomez-congrego-a-una-multitud-con-el-regreso-del-carnaval\/\" title=\"Read more\" >&#8230;<\/a><\/p>\n","protected":false},"author":2,"featured_media":958,"comment_status":"open","ping_status":"open","sticky":false,"template":"","format":"standard","meta":{"_jetpack_memberships_contains_paid_content":false,"footnotes":"","jetpack_publicize_message":"","jetpack_publicize_feature_enabled":true,"jetpack_social_post_already_shared":false,"jetpack_social_options":{"image_generator_settings":{"template":"highway","default_image_id":0,"enabled":false},"version":2}},"categories":[1,3],"tags":[33,163,842,100,913,19,53,16,164,914,915,103],"class_list":["post-957","post","type-post","status-publish","format-standard","has-post-thumbnail","hentry","category-diario-armstrong","category-region","tag-a","tag-canada","tag-carnaval","tag-con","tag-congrego","tag-de","tag-del","tag-el","tag-gomez","tag-multitud","tag-regreso","tag-una"],"jetpack_publicize_connections":[],"jetpack_featured_media_url":"https:\/\/armstrongyregion.com.ar\/diario\/wp-content\/uploads\/2015\/02\/IMG_0133.jpg","jetpack_shortlink":"https:\/\/wp.me\/p62QDO-fr","jetpack_sharing_enabled":true,"amp_enabled":true,"_links":{"self":[{"href":"https:\/\/armstrongyregion.com.ar\/diario\/wp-json\/wp\/v2\/posts\/957","targetHints":{"allow":["GET"]}}],"collection":[{"href":"https:\/\/armstrongyregion.com.ar\/diario\/wp-json\/wp\/v2\/posts"}],"about":[{"href":"https:\/\/armstrongyregion.com.ar\/diario\/wp-json\/wp\/v2\/types\/post"}],"author":[{"embeddable":true,"href":"https:\/\/armstrongyregion.com.ar\/diario\/wp-json\/wp\/v2\/users\/2"}],"replies":[{"embeddable":true,"href":"https:\/\/armstrongyregion.com.ar\/diario\/wp-json\/wp\/v2\/comments?post=957"}],"version-history":[{"count":0,"href":"https:\/\/armstrongyregion.com.ar\/diario\/wp-json\/wp\/v2\/posts\/957\/revisions"}],"wp:featuredmedia":[{"embeddable":true,"href":"https:\/\/armstrongyregion.com.ar\/diario\/wp-json\/wp\/v2\/media\/958"}],"wp:attachment":[{"href":"https:\/\/armstrongyregion.com.ar\/diario\/wp-json\/wp\/v2\/media?parent=957"}],"wp:term":[{"taxonomy":"category","embeddable":true,"href":"https:\/\/armstrongyregion.com.ar\/diario\/wp-json\/wp\/v2\/categories?post=957"},{"taxonomy":"post_tag","embeddable":true,"href":"https:\/\/armstrongyregion.com.ar\/diario\/wp-json\/wp\/v2\/tags?post=957"}],"curies":[{"name":"wp","href":"https:\/\/api.w.org\/{rel}","templated":true}]}}