{"id":9552,"date":"2016-09-12T11:07:28","date_gmt":"2016-09-12T11:07:28","guid":{"rendered":"https:\/\/armstrongyregion.com.ar\/diario\/?p=9552"},"modified":"2016-09-12T11:07:28","modified_gmt":"2016-09-12T11:07:28","slug":"armstrong-la-salud-mental-como-prevencion","status":"publish","type":"post","link":"https:\/\/armstrongyregion.com.ar\/diario\/armstrong-la-salud-mental-como-prevencion\/","title":{"rendered":"Armstrong. La salud mental como prevenci\u00f3n."},"content":{"rendered":"<p><a href=\"http:\/\/armstrongyregion.com.ar\/diario\/wp-content\/uploads\/2016\/09\/charla-salud-mental-prevencion.jpg\"><img loading=\"lazy\" decoding=\"async\" src=\"http:\/\/armstrongyregion.com.ar\/diario\/wp-content\/uploads\/2016\/09\/charla-salud-mental-prevencion-1024x576.jpg\" alt=\"charla-salud-mental-prevencion\" width=\"800\" height=\"450\" class=\"alignnone size-large wp-image-9553\" srcset=\"https:\/\/armstrongyregion.com.ar\/diario\/wp-content\/uploads\/2016\/09\/charla-salud-mental-prevencion-1024x576.jpg 1024w, https:\/\/armstrongyregion.com.ar\/diario\/wp-content\/uploads\/2016\/09\/charla-salud-mental-prevencion-300x169.jpg 300w, https:\/\/armstrongyregion.com.ar\/diario\/wp-content\/uploads\/2016\/09\/charla-salud-mental-prevencion.jpg 1032w\" sizes=\"auto, (max-width: 800px) 100vw, 800px\" \/><\/a>En el sal\u00f3n auditorio Delmo Dar\u00f3 se realiz\u00f3 la charla denominada \u201cLa salud mental como prevenci\u00f3n\u201d, propuesta por la Mesa de Adicciones de la Secretar\u00eda de Salud y Promoci\u00f3n Comunitaria de la Municipalidad de Armstrong.<\/p>\n<p> Durante la ma\u00f1ana del mi\u00e9rcoles 7 de septiembre, el Lic. en Psicolog\u00eda Mart\u00edn Trucco visit\u00f3 las Escuelas N\u00ba 33 y N\u00ba 51 para encontrarse con los alumnos de 1\u00ba y 5\u00ba a\u00f1o, mientras que 5\u00ba a\u00f1o de la Escuela T\u00e9cnica N\u00ba 291 particip\u00f3 por la noche, junto al p\u00fablico en general.<\/p>\n<p>El objetivo fue ver los beneficios de no esperar a atender los casos de enfermedad ps\u00edquica o psiqui\u00e1trica sino procurar una mirada preventiva a edades m\u00e1s precoces, y las proyecciones de la salud mental en las distintas de la realidad social.<\/p>\n<p>Este evento dio cierre a un ciclo sobre prevenci\u00f3n de tres encuentros que hab\u00eda comenzado con una charla sobre nuevas adicciones y continu\u00f3 con otra referida a la alimentaci\u00f3n como adicci\u00f3n.<\/p>\n<p>La salud mental es un componente integral y esencial de la salud. La Constituci\u00f3n de la Organizaci\u00f3n Mundial de la Salud dice: La salud es un estado de completo bienestar f\u00edsico, mental y social, y no solamente la ausencia de afecciones o enfermedades.<\/p>\n<p>La salud mental requiere del mismo nivel de an\u00e1lisis y prevenci\u00f3n que la salud f\u00edsica. El profesional resalt\u00f3 que la psicolog\u00eda no deber\u00eda estar pensada \u00fanicamente desde lo patol\u00f3gico. De hecho, la psicolog\u00eda es una herramienta muy importante que como recurso puede enriquecernos.<\/p>\n<p>La psicolog\u00eda preventiva es un \u00e1rea de la psicolog\u00eda que se encarga de poner luz sobre algunas situaciones que requieren de una mirada m\u00e1s profunda. <\/p>\n","protected":false},"excerpt":{"rendered":"<p>En el sal\u00f3n auditorio Delmo Dar\u00f3 se realiz\u00f3 la charla denominada \u201cLa salud mental como prevenci\u00f3n\u201d, propuesta por la Mesa de Adicciones de la Secretar\u00eda de Salud y Promoci\u00f3n Comunitaria de la Municipalidad de Armstrong. Durante la ma\u00f1ana del mi\u00e9rcoles 7 de septiembre, el Lic. en Psicolog\u00eda Mart\u00edn Trucco visit\u00f3 las Escuelas N\u00ba 33 y <a href=\"https:\/\/armstrongyregion.com.ar\/diario\/armstrong-la-salud-mental-como-prevencion\/\" title=\"Read more\" >&#8230;<\/a><\/p>\n","protected":false},"author":2,"featured_media":9553,"comment_status":"open","ping_status":"open","sticky":false,"template":"","format":"standard","meta":{"_jetpack_memberships_contains_paid_content":false,"footnotes":"","jetpack_publicize_message":"","jetpack_publicize_feature_enabled":true,"jetpack_social_post_already_shared":false,"jetpack_social_options":{"image_generator_settings":{"template":"highway","default_image_id":0,"enabled":false},"version":2}},"categories":[1,2,4,3],"tags":[572,1464,1573,1190],"class_list":["post-9552","post","type-post","status-publish","format-standard","has-post-thumbnail","hentry","category-diario-armstrong","category-locales","category-prevencion-salud","category-region","tag-como","tag-mental","tag-prevencion","tag-salud"],"jetpack_publicize_connections":[],"jetpack_featured_media_url":"https:\/\/armstrongyregion.com.ar\/diario\/wp-content\/uploads\/2016\/09\/charla-salud-mental-prevencion.jpg","jetpack_shortlink":"https:\/\/wp.me\/p62QDO-2u4","jetpack_sharing_enabled":true,"amp_enabled":true,"_links":{"self":[{"href":"https:\/\/armstrongyregion.com.ar\/diario\/wp-json\/wp\/v2\/posts\/9552","targetHints":{"allow":["GET"]}}],"collection":[{"href":"https:\/\/armstrongyregion.com.ar\/diario\/wp-json\/wp\/v2\/posts"}],"about":[{"href":"https:\/\/armstrongyregion.com.ar\/diario\/wp-json\/wp\/v2\/types\/post"}],"author":[{"embeddable":true,"href":"https:\/\/armstrongyregion.com.ar\/diario\/wp-json\/wp\/v2\/users\/2"}],"replies":[{"embeddable":true,"href":"https:\/\/armstrongyregion.com.ar\/diario\/wp-json\/wp\/v2\/comments?post=9552"}],"version-history":[{"count":0,"href":"https:\/\/armstrongyregion.com.ar\/diario\/wp-json\/wp\/v2\/posts\/9552\/revisions"}],"wp:featuredmedia":[{"embeddable":true,"href":"https:\/\/armstrongyregion.com.ar\/diario\/wp-json\/wp\/v2\/media\/9553"}],"wp:attachment":[{"href":"https:\/\/armstrongyregion.com.ar\/diario\/wp-json\/wp\/v2\/media?parent=9552"}],"wp:term":[{"taxonomy":"category","embeddable":true,"href":"https:\/\/armstrongyregion.com.ar\/diario\/wp-json\/wp\/v2\/categories?post=9552"},{"taxonomy":"post_tag","embeddable":true,"href":"https:\/\/armstrongyregion.com.ar\/diario\/wp-json\/wp\/v2\/tags?post=9552"}],"curies":[{"name":"wp","href":"https:\/\/api.w.org\/{rel}","templated":true}]}}