{"id":9534,"date":"2016-09-10T13:31:16","date_gmt":"2016-09-10T13:31:16","guid":{"rendered":"https:\/\/armstrongyregion.com.ar\/diario\/?p=9534"},"modified":"2016-09-10T13:31:16","modified_gmt":"2016-09-10T13:31:16","slug":"diego-mansilla-y-german-bacarella-participaron-del-almuerzo-de-fisfe-en-perez","status":"publish","type":"post","link":"https:\/\/armstrongyregion.com.ar\/diario\/diego-mansilla-y-german-bacarella-participaron-del-almuerzo-de-fisfe-en-perez\/","title":{"rendered":"Diego Mansilla y Germ\u00e1n Bacarella participaron del almuerzo de FISFE en P\u00e9rez."},"content":{"rendered":"<p><a href=\"http:\/\/armstrongyregion.com.ar\/diario\/wp-content\/uploads\/2016\/09\/germ\u00e1n.jpg\"><img loading=\"lazy\" decoding=\"async\" src=\"http:\/\/armstrongyregion.com.ar\/diario\/wp-content\/uploads\/2016\/09\/germ\u00e1n.jpg\" alt=\"german\" width=\"768\" height=\"512\" class=\"alignnone size-full wp-image-9535\" srcset=\"https:\/\/armstrongyregion.com.ar\/diario\/wp-content\/uploads\/2016\/09\/germ\u00e1n.jpg 768w, https:\/\/armstrongyregion.com.ar\/diario\/wp-content\/uploads\/2016\/09\/germ\u00e1n-300x200.jpg 300w\" sizes=\"auto, (max-width: 768px) 100vw, 768px\" \/><\/a>\u201cRenovamos nuestro apoyo a las industrias que buscan mejorar, desarrollar, diversificar\u201d<\/p>\n<p>\u201cVinimos a saludar a los empresarios y a renovar nuestro compromiso de apoyo a las industrias que sostienen y buscan constantemente mejorar, desarrollar, diversificar para generar m\u00e1s empleo en nuestra provincia\u00bb, dijo hoy el diputado del Mercosur Diego Mansilla, tras asistir junto con el diputado provincial Germ\u00e1n Bacarella al almuerzo de la Federaci\u00f3n Industrial de Santa Fe (FISFE), que se llev\u00f3 a cabo en el predio del Parque Industrial de P\u00e9rez.<br \/>\n\u201cEl desarrollo industrial es generador de bienestar, de inclusi\u00f3n social; y esto se multiplica cuando desde el Estado se promueve y se direcciona ese desarrollo hacia el agregado de valor, la innovaci\u00f3n tecnol\u00f3gica, el crecimiento en armon\u00eda con las necesidades y las esperanzas de las comunidades\u201d, remarc\u00f3 el ex intendente de Las Parejas, integrante del bloque del Frente para la Victoria en el Parlasur.<br \/>\nTambi\u00e9n Bacarella abog\u00f3 por \u201cuna presencia estatal a favor de la industria y la creaci\u00f3n de puestos de trabajo\u201d. El diputado provincial del bloque del Frente Justicialista para la Victoria destac\u00f3 \u201cla enorme fuerza productiva de esta provincia de Santa Fe, que necesita ampliar su capacidad y su actividad en todas sus regiones, para garantizar un desarrollo equilibrado, que alcance a todos\u201d.<\/p>\n","protected":false},"excerpt":{"rendered":"<p>\u201cRenovamos nuestro apoyo a las industrias que buscan mejorar, desarrollar, diversificar\u201d \u201cVinimos a saludar a los empresarios y a renovar nuestro compromiso de apoyo a las industrias que sostienen y buscan constantemente mejorar, desarrollar, diversificar para generar m\u00e1s empleo en nuestra provincia\u00bb, dijo hoy el diputado del Mercosur Diego Mansilla, tras asistir junto con el <a href=\"https:\/\/armstrongyregion.com.ar\/diario\/diego-mansilla-y-german-bacarella-participaron-del-almuerzo-de-fisfe-en-perez\/\" title=\"Read more\" >&#8230;<\/a><\/p>\n","protected":false},"author":2,"featured_media":9535,"comment_status":"open","ping_status":"open","sticky":false,"template":"","format":"standard","meta":{"_jetpack_memberships_contains_paid_content":false,"footnotes":"","jetpack_publicize_message":"","jetpack_publicize_feature_enabled":true,"jetpack_social_post_already_shared":false,"jetpack_social_options":{"image_generator_settings":{"template":"highway","default_image_id":0,"enabled":false},"version":2}},"categories":[1,7,3],"tags":[4377,990,4376,991,13],"class_list":["post-9534","post","type-post","status-publish","format-standard","has-post-thumbnail","hentry","category-diario-armstrong","category-politica","category-region","tag-bacarella","tag-diego","tag-german","tag-mansilla","tag-y"],"jetpack_publicize_connections":[],"jetpack_featured_media_url":"https:\/\/armstrongyregion.com.ar\/diario\/wp-content\/uploads\/2016\/09\/germ\u00e1n.jpg","jetpack_shortlink":"https:\/\/wp.me\/p62QDO-2tM","jetpack_sharing_enabled":true,"amp_enabled":true,"_links":{"self":[{"href":"https:\/\/armstrongyregion.com.ar\/diario\/wp-json\/wp\/v2\/posts\/9534","targetHints":{"allow":["GET"]}}],"collection":[{"href":"https:\/\/armstrongyregion.com.ar\/diario\/wp-json\/wp\/v2\/posts"}],"about":[{"href":"https:\/\/armstrongyregion.com.ar\/diario\/wp-json\/wp\/v2\/types\/post"}],"author":[{"embeddable":true,"href":"https:\/\/armstrongyregion.com.ar\/diario\/wp-json\/wp\/v2\/users\/2"}],"replies":[{"embeddable":true,"href":"https:\/\/armstrongyregion.com.ar\/diario\/wp-json\/wp\/v2\/comments?post=9534"}],"version-history":[{"count":0,"href":"https:\/\/armstrongyregion.com.ar\/diario\/wp-json\/wp\/v2\/posts\/9534\/revisions"}],"wp:featuredmedia":[{"embeddable":true,"href":"https:\/\/armstrongyregion.com.ar\/diario\/wp-json\/wp\/v2\/media\/9535"}],"wp:attachment":[{"href":"https:\/\/armstrongyregion.com.ar\/diario\/wp-json\/wp\/v2\/media?parent=9534"}],"wp:term":[{"taxonomy":"category","embeddable":true,"href":"https:\/\/armstrongyregion.com.ar\/diario\/wp-json\/wp\/v2\/categories?post=9534"},{"taxonomy":"post_tag","embeddable":true,"href":"https:\/\/armstrongyregion.com.ar\/diario\/wp-json\/wp\/v2\/tags?post=9534"}],"curies":[{"name":"wp","href":"https:\/\/api.w.org\/{rel}","templated":true}]}}