{"id":953,"date":"2015-02-22T23:45:27","date_gmt":"2015-02-22T23:45:27","guid":{"rendered":"https:\/\/armstrongyregion.com.ar\/diario\/?p=953"},"modified":"2015-02-22T23:45:27","modified_gmt":"2015-02-22T23:45:27","slug":"manana-emma-moronsini-una-caminante-de-91-anos-pasara-por-armstrong","status":"publish","type":"post","link":"https:\/\/armstrongyregion.com.ar\/diario\/manana-emma-moronsini-una-caminante-de-91-anos-pasara-por-armstrong\/","title":{"rendered":"Ma\u00f1ana Emma Moronsini, una caminante de 91 a\u00f1os pasara por Armstrong."},"content":{"rendered":"<p><a href=\"http:\/\/armstrongyregion.com.ar\/diario\/wp-content\/uploads\/2015\/02\/emma-morosini.jpg\"><img loading=\"lazy\" decoding=\"async\" class=\"alignnone size-medium wp-image-954\" src=\"http:\/\/armstrongyregion.com.ar\/diario\/wp-content\/uploads\/2015\/02\/emma-morosini-300x157.jpg\" alt=\"emma morosini\" width=\"300\" height=\"157\" srcset=\"https:\/\/armstrongyregion.com.ar\/diario\/wp-content\/uploads\/2015\/02\/emma-morosini-300x157.jpg 300w, https:\/\/armstrongyregion.com.ar\/diario\/wp-content\/uploads\/2015\/02\/emma-morosini.jpg 470w\" sizes=\"auto, (max-width: 300px) 100vw, 300px\" \/><\/a>Emma Moronsini, quiere unir Tucum\u00e1n con la bas\u00edlica de Luj\u00e1n.<br \/>\nEs italiana, y marcha llevando un carrito con algunos alimentos. No es su primera traves\u00eda, y tras finalizar los mil kil\u00f3metros propuestos piensa conocer al Papa a su regreso a Italia.<br \/>\nMa\u00f1ana lunes 23 de febrero, entre la 10 y 11hs llegar\u00e1 a nuestra ciudad, donde un grupo de j\u00f3venes cat\u00f3licos y el Dto de la Juventud de la municipalidad de Armstrong, invitan a la comunidad para esperarla y darle la bienvenida en la intersecci\u00f3n de las Ruta 15 y Ruta 9.<br \/>\nEmma almorzar\u00e1 en el hogar de ancianos Valent\u00edn Ronchese y luego ser\u00e1 trasladada y descansar\u00e1 en la casa de la familia construida por Viviana Dial y Ariel Montapponi.<br \/>\nEmma expres\u00f3 que camina a Luj\u00e1n a llevarle una promesa a la Virgen, y un pedido por los j\u00f3venes y por la paz del mundo.<br \/>\nEn otras oportunidades realiz\u00f3 la misma actividad que la llev\u00f3 por Polonia, Israel, M\u00e9xico, y Brasil, donde camin\u00f3 desde la ciudad de Salvador hasta San Pablo, donde visit\u00f3 el santuario de Nuestra Se\u00f1ora de Aparecida.<\/p>\n","protected":false},"excerpt":{"rendered":"<p>Emma Moronsini, quiere unir Tucum\u00e1n con la bas\u00edlica de Luj\u00e1n. Es italiana, y marcha llevando un carrito con algunos alimentos. No es su primera traves\u00eda, y tras finalizar los mil kil\u00f3metros propuestos piensa conocer al Papa a su regreso a Italia. Ma\u00f1ana lunes 23 de febrero, entre la 10 y 11hs llegar\u00e1 a nuestra ciudad, <a href=\"https:\/\/armstrongyregion.com.ar\/diario\/manana-emma-moronsini-una-caminante-de-91-anos-pasara-por-armstrong\/\" title=\"Read more\" >&#8230;<\/a><\/p>\n","protected":false},"author":2,"featured_media":954,"comment_status":"open","ping_status":"open","sticky":false,"template":"","format":"standard","meta":{"_jetpack_memberships_contains_paid_content":false,"footnotes":"","jetpack_publicize_message":"","jetpack_publicize_feature_enabled":true,"jetpack_social_post_already_shared":false,"jetpack_social_options":{"image_generator_settings":{"template":"highway","default_image_id":0,"enabled":false},"version":2}},"categories":[1,2,3],"tags":[911,197,20,910,19,908,907,909,912,60,103],"class_list":["post-953","post","type-post","status-publish","format-standard","has-post-thumbnail","hentry","category-diario-armstrong","category-locales","category-region","tag-911","tag-anos","tag-armstrong","tag-caminante","tag-de","tag-emma","tag-manana","tag-moronsini","tag-pasara","tag-por","tag-una"],"jetpack_publicize_connections":[],"jetpack_featured_media_url":"https:\/\/armstrongyregion.com.ar\/diario\/wp-content\/uploads\/2015\/02\/emma-morosini.jpg","jetpack_shortlink":"https:\/\/wp.me\/p62QDO-fn","jetpack_sharing_enabled":true,"amp_enabled":true,"_links":{"self":[{"href":"https:\/\/armstrongyregion.com.ar\/diario\/wp-json\/wp\/v2\/posts\/953","targetHints":{"allow":["GET"]}}],"collection":[{"href":"https:\/\/armstrongyregion.com.ar\/diario\/wp-json\/wp\/v2\/posts"}],"about":[{"href":"https:\/\/armstrongyregion.com.ar\/diario\/wp-json\/wp\/v2\/types\/post"}],"author":[{"embeddable":true,"href":"https:\/\/armstrongyregion.com.ar\/diario\/wp-json\/wp\/v2\/users\/2"}],"replies":[{"embeddable":true,"href":"https:\/\/armstrongyregion.com.ar\/diario\/wp-json\/wp\/v2\/comments?post=953"}],"version-history":[{"count":0,"href":"https:\/\/armstrongyregion.com.ar\/diario\/wp-json\/wp\/v2\/posts\/953\/revisions"}],"wp:featuredmedia":[{"embeddable":true,"href":"https:\/\/armstrongyregion.com.ar\/diario\/wp-json\/wp\/v2\/media\/954"}],"wp:attachment":[{"href":"https:\/\/armstrongyregion.com.ar\/diario\/wp-json\/wp\/v2\/media?parent=953"}],"wp:term":[{"taxonomy":"category","embeddable":true,"href":"https:\/\/armstrongyregion.com.ar\/diario\/wp-json\/wp\/v2\/categories?post=953"},{"taxonomy":"post_tag","embeddable":true,"href":"https:\/\/armstrongyregion.com.ar\/diario\/wp-json\/wp\/v2\/tags?post=953"}],"curies":[{"name":"wp","href":"https:\/\/api.w.org\/{rel}","templated":true}]}}