{"id":9503,"date":"2016-09-08T02:13:12","date_gmt":"2016-09-08T02:13:12","guid":{"rendered":"https:\/\/armstrongyregion.com.ar\/diario\/?p=9503"},"modified":"2016-09-08T02:13:12","modified_gmt":"2016-09-08T02:13:12","slug":"buzones-de-la-vida-septiembre-de-2016","status":"publish","type":"post","link":"https:\/\/armstrongyregion.com.ar\/diario\/buzones-de-la-vida-septiembre-de-2016\/","title":{"rendered":"Buzones de la Vida Septiembre de 2016."},"content":{"rendered":"<div class=\"jsn-article-content\">\n<p><a href=\"http:\/\/armstrongyregion.com.ar\/diario\/wp-content\/uploads\/2016\/09\/buzones-septiembre.jpg\"><img loading=\"lazy\" decoding=\"async\" class=\"alignnone size-full wp-image-9504\" src=\"http:\/\/armstrongyregion.com.ar\/diario\/wp-content\/uploads\/2016\/09\/buzones-septiembre.jpg\" alt=\"buzones-septiembre\" width=\"768\" height=\"576\" srcset=\"https:\/\/armstrongyregion.com.ar\/diario\/wp-content\/uploads\/2016\/09\/buzones-septiembre.jpg 768w, https:\/\/armstrongyregion.com.ar\/diario\/wp-content\/uploads\/2016\/09\/buzones-septiembre-300x225.jpg 300w\" sizes=\"auto, (max-width: 768px) 100vw, 768px\" \/><\/a>El d\u00eda mi\u00e9rcoles 7 de septiembre se llev\u00f3 a cabo una nueva apertura de los Buzones de la Vida, tanto del m\u00f3vil que est\u00e1 ubicado moment\u00e1neamente en el cuartel de Bomberos Voluntarios como el que se encuentra en las instalaciones del municipio.<\/p>\n<p>Las autoridades contabilizaron 13 denuncias an\u00f3nimas en total que son enviadas junto al acta correspondiente a los Tribunales Federales de la ciudad de Rosario para posteriores investigaciones.<\/p>\n<p>El Intendente Dr. Pablo Verdecchia remarc\u00f3 que s\u00ed es importante que los ciudadanos denuncien, ya que ante la reiteraci\u00f3n de causas se presiona de alguna manera a la justicia para que pueda intervenir de forma m\u00e1s eficiente.<\/p>\n<p>El Buz\u00f3n de la Vida m\u00f3vil continuar\u00e1 durante un mes m\u00e1s en Bomberos Voluntarios y la pr\u00f3xima apertura se realizar\u00e1 el mi\u00e9rcoles 5 de octubre.<\/p>\n<\/div>\n<p><span class=\"article_separator\">\u00a0<\/span><\/p>\n","protected":false},"excerpt":{"rendered":"<p>El d\u00eda mi\u00e9rcoles 7 de septiembre se llev\u00f3 a cabo una nueva apertura de los Buzones de la Vida, tanto del m\u00f3vil que est\u00e1 ubicado moment\u00e1neamente en el cuartel de Bomberos Voluntarios como el que se encuentra en las instalaciones del municipio. Las autoridades contabilizaron 13 denuncias an\u00f3nimas en total que son enviadas junto al <a href=\"https:\/\/armstrongyregion.com.ar\/diario\/buzones-de-la-vida-septiembre-de-2016\/\" title=\"Read more\" >&#8230;<\/a><\/p>\n","protected":false},"author":2,"featured_media":9504,"comment_status":"open","ping_status":"open","sticky":false,"template":"","format":"standard","meta":{"_jetpack_memberships_contains_paid_content":false,"footnotes":"","jetpack_publicize_message":"","jetpack_publicize_feature_enabled":true,"jetpack_social_post_already_shared":false,"jetpack_social_options":{"image_generator_settings":{"template":"highway","default_image_id":0,"enabled":false},"version":2}},"categories":[1,2,4],"tags":[4370,3682,19,31,2628,456],"class_list":["post-9503","post","type-post","status-publish","format-standard","has-post-thumbnail","hentry","category-diario-armstrong","category-locales","category-prevencion-salud","tag-4370","tag-buzones","tag-de","tag-la","tag-septiembre","tag-vida"],"jetpack_publicize_connections":[],"jetpack_featured_media_url":"https:\/\/armstrongyregion.com.ar\/diario\/wp-content\/uploads\/2016\/09\/buzones-septiembre.jpg","jetpack_shortlink":"https:\/\/wp.me\/p62QDO-2th","jetpack_sharing_enabled":true,"amp_enabled":true,"_links":{"self":[{"href":"https:\/\/armstrongyregion.com.ar\/diario\/wp-json\/wp\/v2\/posts\/9503","targetHints":{"allow":["GET"]}}],"collection":[{"href":"https:\/\/armstrongyregion.com.ar\/diario\/wp-json\/wp\/v2\/posts"}],"about":[{"href":"https:\/\/armstrongyregion.com.ar\/diario\/wp-json\/wp\/v2\/types\/post"}],"author":[{"embeddable":true,"href":"https:\/\/armstrongyregion.com.ar\/diario\/wp-json\/wp\/v2\/users\/2"}],"replies":[{"embeddable":true,"href":"https:\/\/armstrongyregion.com.ar\/diario\/wp-json\/wp\/v2\/comments?post=9503"}],"version-history":[{"count":0,"href":"https:\/\/armstrongyregion.com.ar\/diario\/wp-json\/wp\/v2\/posts\/9503\/revisions"}],"wp:featuredmedia":[{"embeddable":true,"href":"https:\/\/armstrongyregion.com.ar\/diario\/wp-json\/wp\/v2\/media\/9504"}],"wp:attachment":[{"href":"https:\/\/armstrongyregion.com.ar\/diario\/wp-json\/wp\/v2\/media?parent=9503"}],"wp:term":[{"taxonomy":"category","embeddable":true,"href":"https:\/\/armstrongyregion.com.ar\/diario\/wp-json\/wp\/v2\/categories?post=9503"},{"taxonomy":"post_tag","embeddable":true,"href":"https:\/\/armstrongyregion.com.ar\/diario\/wp-json\/wp\/v2\/tags?post=9503"}],"curies":[{"name":"wp","href":"https:\/\/api.w.org\/{rel}","templated":true}]}}