{"id":9470,"date":"2016-09-06T02:44:44","date_gmt":"2016-09-06T02:44:44","guid":{"rendered":"https:\/\/armstrongyregion.com.ar\/diario\/?p=9470"},"modified":"2016-09-06T02:44:44","modified_gmt":"2016-09-06T02:44:44","slug":"la-intendenta-clerici-homenajeo-a-los-inmigrantes","status":"publish","type":"post","link":"https:\/\/armstrongyregion.com.ar\/diario\/la-intendenta-clerici-homenajeo-a-los-inmigrantes\/","title":{"rendered":"La intendenta Cl\u00e9rici homenaje\u00f3 a los Inmigrantes."},"content":{"rendered":"<p><a href=\"http:\/\/armstrongyregion.com.ar\/diario\/wp-content\/uploads\/2016\/09\/clerici.jpg\"><img loading=\"lazy\" decoding=\"async\" class=\"alignnone size-full wp-image-9471\" src=\"http:\/\/armstrongyregion.com.ar\/diario\/wp-content\/uploads\/2016\/09\/clerici.jpg\" alt=\"clerici\" width=\"768\" height=\"576\" srcset=\"https:\/\/armstrongyregion.com.ar\/diario\/wp-content\/uploads\/2016\/09\/clerici.jpg 768w, https:\/\/armstrongyregion.com.ar\/diario\/wp-content\/uploads\/2016\/09\/clerici-300x225.jpg 300w\" sizes=\"auto, (max-width: 768px) 100vw, 768px\" \/><\/a>Primero se realiz\u00f3 un recorrido por el Circuito Hist\u00f3rico y posteriormente un c\u00e1lido agasajo en Casa del Bicentenario.<\/p>\n<p>La intendenta Stella Cl\u00e9rici junto a parte de su grupo de trabajo homenaje\u00f3 a los inmigrantes en su d\u00eda, con un recorrido por el Circuito Hist\u00f3rico, que a diario se ofrece a establecimientos educativos e instituciones, y posteriormente un c\u00e1lido agasajo en Casa del Bicentenario.<br \/>\nCl\u00e9rici destac\u00f3 \u201ces nuestro peque\u00f1o gesto para esos hombres y mujeres que dejaron atr\u00e1s su tierra para construir aqu\u00ed un hogar y en muchos casos contribuir al crecimiento de nuestra ciudad\u201d.<\/p>\n","protected":false},"excerpt":{"rendered":"<p>Primero se realiz\u00f3 un recorrido por el Circuito Hist\u00f3rico y posteriormente un c\u00e1lido agasajo en Casa del Bicentenario. La intendenta Stella Cl\u00e9rici junto a parte de su grupo de trabajo homenaje\u00f3 a los inmigrantes en su d\u00eda, con un recorrido por el Circuito Hist\u00f3rico, que a diario se ofrece a establecimientos educativos e instituciones, y <a href=\"https:\/\/armstrongyregion.com.ar\/diario\/la-intendenta-clerici-homenajeo-a-los-inmigrantes\/\" title=\"Read more\" >&#8230;<\/a><\/p>\n","protected":false},"author":2,"featured_media":9471,"comment_status":"open","ping_status":"open","sticky":false,"template":"","format":"standard","meta":{"_jetpack_memberships_contains_paid_content":false,"footnotes":"","jetpack_publicize_message":"","jetpack_publicize_feature_enabled":true,"jetpack_social_post_already_shared":false,"jetpack_social_options":{"image_generator_settings":{"template":"highway","default_image_id":0,"enabled":false},"version":2}},"categories":[6,1,3],"tags":[33,83,2519,2677,42],"class_list":["post-9470","post","type-post","status-publish","format-standard","has-post-thumbnail","hentry","category-cultura-entretenimiento","category-diario-armstrong","category-region","tag-a","tag-clerici","tag-homenajeo","tag-inmigrantes","tag-los"],"jetpack_publicize_connections":[],"jetpack_featured_media_url":"https:\/\/armstrongyregion.com.ar\/diario\/wp-content\/uploads\/2016\/09\/clerici.jpg","jetpack_shortlink":"https:\/\/wp.me\/p62QDO-2sK","jetpack_sharing_enabled":true,"amp_enabled":true,"_links":{"self":[{"href":"https:\/\/armstrongyregion.com.ar\/diario\/wp-json\/wp\/v2\/posts\/9470","targetHints":{"allow":["GET"]}}],"collection":[{"href":"https:\/\/armstrongyregion.com.ar\/diario\/wp-json\/wp\/v2\/posts"}],"about":[{"href":"https:\/\/armstrongyregion.com.ar\/diario\/wp-json\/wp\/v2\/types\/post"}],"author":[{"embeddable":true,"href":"https:\/\/armstrongyregion.com.ar\/diario\/wp-json\/wp\/v2\/users\/2"}],"replies":[{"embeddable":true,"href":"https:\/\/armstrongyregion.com.ar\/diario\/wp-json\/wp\/v2\/comments?post=9470"}],"version-history":[{"count":0,"href":"https:\/\/armstrongyregion.com.ar\/diario\/wp-json\/wp\/v2\/posts\/9470\/revisions"}],"wp:featuredmedia":[{"embeddable":true,"href":"https:\/\/armstrongyregion.com.ar\/diario\/wp-json\/wp\/v2\/media\/9471"}],"wp:attachment":[{"href":"https:\/\/armstrongyregion.com.ar\/diario\/wp-json\/wp\/v2\/media?parent=9470"}],"wp:term":[{"taxonomy":"category","embeddable":true,"href":"https:\/\/armstrongyregion.com.ar\/diario\/wp-json\/wp\/v2\/categories?post=9470"},{"taxonomy":"post_tag","embeddable":true,"href":"https:\/\/armstrongyregion.com.ar\/diario\/wp-json\/wp\/v2\/tags?post=9470"}],"curies":[{"name":"wp","href":"https:\/\/api.w.org\/{rel}","templated":true}]}}