{"id":9449,"date":"2016-09-05T10:45:37","date_gmt":"2016-09-05T10:45:37","guid":{"rendered":"https:\/\/armstrongyregion.com.ar\/diario\/?p=9449"},"modified":"2016-09-05T11:27:53","modified_gmt":"2016-09-05T11:27:53","slug":"montes-de-oca-se-viene-la-fiesta-provincial-del-asador-2016","status":"publish","type":"post","link":"https:\/\/armstrongyregion.com.ar\/diario\/montes-de-oca-se-viene-la-fiesta-provincial-del-asador-2016\/","title":{"rendered":"Montes de Oca: se viene la Fiesta Provincial del Asador 2016."},"content":{"rendered":"<p><a href=\"http:\/\/armstrongyregion.com.ar\/diario\/wp-content\/uploads\/2016\/09\/Dietschi-.jpg\"><img loading=\"lazy\" decoding=\"async\" class=\"alignnone size-full wp-image-9450\" src=\"http:\/\/armstrongyregion.com.ar\/diario\/wp-content\/uploads\/2016\/09\/Dietschi-.jpg\" alt=\"Dietschi-\" width=\"960\" height=\"720\" srcset=\"https:\/\/armstrongyregion.com.ar\/diario\/wp-content\/uploads\/2016\/09\/Dietschi-.jpg 960w, https:\/\/armstrongyregion.com.ar\/diario\/wp-content\/uploads\/2016\/09\/Dietschi--300x225.jpg 300w\" sizes=\"auto, (max-width: 960px) 100vw, 960px\" \/><\/a>Presentaron oficialmente la edici\u00f3n 2016 de La Fiesta Provincial del Asador y 1\u00b0 Fiesta delas Comidas al Disco de Arado &#8211; Sub Sede de Yacanto.<\/p>\n<p>Este a\u00f1o la fiesta contar\u00e1 con la particularidad de extenderse por dos noches,\u00a0los pr\u00f3ximos d\u00edas 28 y 29 de octubre de 2016, en el Campo de Deportes del\u00a0Atletic Club Montes de Oca; y la presencia de Jorge Rojas en el cierre.<\/p>\n<p>El Presidente Comunal Dr. Leandro Dietschi dio la bienvenida a los presentes, acompa\u00f1ado por el Senador Provincial Guillermo Cornaglia , Oscar Gonz\u00e1lez (organizador de la Fiesta Nacional de la Comida al Disco de Arado, en Yacanto \u2013C\u00f3rdoba-), E. Lisoqui , presidente del Centro Tradicionalista Virgen de Luj\u00e1n, y miembros de la Comisi\u00f3n de Cultura.<\/p>\n<p><a href=\"http:\/\/armstrongyregion.com.ar\/diario\/wp-content\/uploads\/2016\/09\/Fiesta.jpg\"><img loading=\"lazy\" decoding=\"async\" class=\"alignnone size-full wp-image-9458\" src=\"http:\/\/armstrongyregion.com.ar\/diario\/wp-content\/uploads\/2016\/09\/Fiesta.jpg\" alt=\"Fiesta\" width=\"873\" height=\"596\" srcset=\"https:\/\/armstrongyregion.com.ar\/diario\/wp-content\/uploads\/2016\/09\/Fiesta.jpg 873w, https:\/\/armstrongyregion.com.ar\/diario\/wp-content\/uploads\/2016\/09\/Fiesta-300x205.jpg 300w\" sizes=\"auto, (max-width: 873px) 100vw, 873px\" \/><\/a><\/p>\n<p>Estuvieron presentes\u00a0 los campeones de las ediciones anteriores y campeones nacionales,\u00a0 y toda la prensa de la regi\u00f3n, quienes disfrutaron de una muy grata reuni\u00f3n con buena gastronom\u00eda y amenizada musicalmente por artistas zonales.<\/p>\n<p>Edici\u00f3n: Las Rosas Digital y Renacer FM.<\/p>\n<p>Imagenes: Mario Duzevic.<\/p>\n","protected":false},"excerpt":{"rendered":"<p>Presentaron oficialmente la edici\u00f3n 2016 de La Fiesta Provincial del Asador y 1\u00b0 Fiesta delas Comidas al Disco de Arado &#8211; Sub Sede de Yacanto. Este a\u00f1o la fiesta contar\u00e1 con la particularidad de extenderse por dos noches,\u00a0los pr\u00f3ximos d\u00edas 28 y 29 de octubre de 2016, en el Campo de Deportes del\u00a0Atletic Club Montes <a href=\"https:\/\/armstrongyregion.com.ar\/diario\/montes-de-oca-se-viene-la-fiesta-provincial-del-asador-2016\/\" title=\"Read more\" >&#8230;<\/a><\/p>\n","protected":false},"author":2,"featured_media":9450,"comment_status":"open","ping_status":"open","sticky":false,"template":"","format":"standard","meta":{"_jetpack_memberships_contains_paid_content":false,"footnotes":"","jetpack_publicize_message":"","jetpack_publicize_feature_enabled":true,"jetpack_social_post_already_shared":false,"jetpack_social_options":{"image_generator_settings":{"template":"highway","default_image_id":0,"enabled":false},"version":2}},"categories":[1,2,3],"tags":[3115,2676,53,620,928,86,717],"class_list":["post-9449","post","type-post","status-publish","format-standard","has-post-thumbnail","hentry","category-diario-armstrong","category-locales","category-region","tag-3115","tag-asador","tag-del","tag-fiesta","tag-provincial","tag-se","tag-viene"],"jetpack_publicize_connections":[],"jetpack_featured_media_url":"https:\/\/armstrongyregion.com.ar\/diario\/wp-content\/uploads\/2016\/09\/Dietschi-.jpg","jetpack_shortlink":"https:\/\/wp.me\/p62QDO-2sp","jetpack_sharing_enabled":true,"amp_enabled":true,"_links":{"self":[{"href":"https:\/\/armstrongyregion.com.ar\/diario\/wp-json\/wp\/v2\/posts\/9449","targetHints":{"allow":["GET"]}}],"collection":[{"href":"https:\/\/armstrongyregion.com.ar\/diario\/wp-json\/wp\/v2\/posts"}],"about":[{"href":"https:\/\/armstrongyregion.com.ar\/diario\/wp-json\/wp\/v2\/types\/post"}],"author":[{"embeddable":true,"href":"https:\/\/armstrongyregion.com.ar\/diario\/wp-json\/wp\/v2\/users\/2"}],"replies":[{"embeddable":true,"href":"https:\/\/armstrongyregion.com.ar\/diario\/wp-json\/wp\/v2\/comments?post=9449"}],"version-history":[{"count":0,"href":"https:\/\/armstrongyregion.com.ar\/diario\/wp-json\/wp\/v2\/posts\/9449\/revisions"}],"wp:featuredmedia":[{"embeddable":true,"href":"https:\/\/armstrongyregion.com.ar\/diario\/wp-json\/wp\/v2\/media\/9450"}],"wp:attachment":[{"href":"https:\/\/armstrongyregion.com.ar\/diario\/wp-json\/wp\/v2\/media?parent=9449"}],"wp:term":[{"taxonomy":"category","embeddable":true,"href":"https:\/\/armstrongyregion.com.ar\/diario\/wp-json\/wp\/v2\/categories?post=9449"},{"taxonomy":"post_tag","embeddable":true,"href":"https:\/\/armstrongyregion.com.ar\/diario\/wp-json\/wp\/v2\/tags?post=9449"}],"curies":[{"name":"wp","href":"https:\/\/api.w.org\/{rel}","templated":true}]}}