{"id":9435,"date":"2016-09-02T23:00:49","date_gmt":"2016-09-02T23:00:49","guid":{"rendered":"https:\/\/armstrongyregion.com.ar\/diario\/?p=9435"},"modified":"2016-09-02T23:00:49","modified_gmt":"2016-09-02T23:00:49","slug":"canada-de-gomez-el-concejal-diaz-patron-pidio-proteccion-a-la-industria","status":"publish","type":"post","link":"https:\/\/armstrongyregion.com.ar\/diario\/canada-de-gomez-el-concejal-diaz-patron-pidio-proteccion-a-la-industria\/","title":{"rendered":"Ca\u00f1ada de G\u00f3mez. El Concejal Diaz Patr\u00f3n pidio protecci\u00f3n a la industria."},"content":{"rendered":"<p><a href=\"http:\/\/armstrongyregion.com.ar\/diario\/wp-content\/uploads\/2016\/09\/Diaz-Patron-.jpg\"><img loading=\"lazy\" decoding=\"async\" class=\"alignnone size-full wp-image-9436\" src=\"http:\/\/armstrongyregion.com.ar\/diario\/wp-content\/uploads\/2016\/09\/Diaz-Patron-.jpg\" alt=\"Diaz-Patron-\" width=\"768\" height=\"512\" srcset=\"https:\/\/armstrongyregion.com.ar\/diario\/wp-content\/uploads\/2016\/09\/Diaz-Patron-.jpg 768w, https:\/\/armstrongyregion.com.ar\/diario\/wp-content\/uploads\/2016\/09\/Diaz-Patron--300x200.jpg 300w\" sizes=\"auto, (max-width: 768px) 100vw, 768px\" \/><\/a>Desde el bloque de concejales del Frente Justicialista para la Victoria se pidi\u00f3 a la Secretaria de Comercio y al Ministerio de la Producci\u00f3n de la Naci\u00f3n tomen medidas tendientes a prohibir el ingreso de productos importados. \u201cLa apertura de importaciones est\u00e1 poniendo en serio riesgo el trabajo ca\u00f1adense\u201d, expres\u00f3.<\/p>\n<p>El concejal Diego D\u00edaz Patr\u00f3n en la sesi\u00f3n del jueves present\u00f3 un proyecto de resoluci\u00f3n que solicita a la Secretaria de Comercio de la Naci\u00f3n, y al Ministerio de la Producci\u00f3n de la Naci\u00f3n, disponga medidas tendientes a prohibir el ingreso de productos importados con el fin de proteger la industria nacional de la competencia desleal, evitando la p\u00e9rdida de fuentes de trabajo en nuestra ciudad y la regi\u00f3n.<br \/>\nLa iniciativa que fue tratada favorablemente este semana, tambi\u00e9n eleva \u201csimilar petici\u00f3n ante el Ministerio de la Producci\u00f3n de la Provincia de Santa Fe para que a trav\u00e9s del Observatorio de Importaciones ponga en marcha los mecanismos tendientes a contribuir al an\u00e1lisis preventivo de las importaciones que ingresan a nuestra provincia, para evaluar sobre los riesgos y amenazas a la producciones local, y monitorear la evoluci\u00f3n de la incidencia de los productos provenientes del extranjero en sectores cr\u00edticos de la producci\u00f3n santafesina\u201d, agreg\u00f3 D\u00edaz Patr\u00f3n.<br \/>\nPor su parte el concejal y ex Secretario de la Producci\u00f3n Marcel Casalegno asegur\u00f3 que \u201cya est\u00e1n en riesgo las fuentes de trabajo en nuestra ciudad y la regi\u00f3n\u201d, y que la producci\u00f3n local de venecita que se hace en la Cooperativa Vitrof\u00edn \u201cya se piensa remplazar por el mismo producto importado que es m\u00e1s barato\u201d, ejemplific\u00f3.<br \/>\n\u201cDe consolidarse este tipo de pol\u00edtica econ\u00f3mica aperturista, significar\u00eda poner en riesgo todas las fuentes de trabajo de las Peque\u00f1as y Medianas Empresas, emprendimientos familiares, cooperativos, que con gran esfuerzo generan la mayor parte de los puestos de trabajo en nuestra ciudad y la regi\u00f3n\u201d, concluy\u00f3 el concejal.<\/p>\n","protected":false},"excerpt":{"rendered":"<p>Desde el bloque de concejales del Frente Justicialista para la Victoria se pidi\u00f3 a la Secretaria de Comercio y al Ministerio de la Producci\u00f3n de la Naci\u00f3n tomen medidas tendientes a prohibir el ingreso de productos importados. \u201cLa apertura de importaciones est\u00e1 poniendo en serio riesgo el trabajo ca\u00f1adense\u201d, expres\u00f3. El concejal Diego D\u00edaz Patr\u00f3n <a href=\"https:\/\/armstrongyregion.com.ar\/diario\/canada-de-gomez-el-concejal-diaz-patron-pidio-proteccion-a-la-industria\/\" title=\"Read more\" >&#8230;<\/a><\/p>\n","protected":false},"author":2,"featured_media":9436,"comment_status":"open","ping_status":"open","sticky":false,"template":"","format":"standard","meta":{"_jetpack_memberships_contains_paid_content":false,"footnotes":"","jetpack_publicize_message":"","jetpack_publicize_feature_enabled":true,"jetpack_social_post_already_shared":false,"jetpack_social_options":{"image_generator_settings":{"template":"highway","default_image_id":0,"enabled":false},"version":2}},"categories":[6,1,7,3],"tags":[33,673,502,1603,31,2566,4360,2976],"class_list":["post-9435","post","type-post","status-publish","format-standard","has-post-thumbnail","hentry","category-cultura-entretenimiento","category-diario-armstrong","category-politica","category-region","tag-a","tag-concejal","tag-diaz","tag-industria","tag-la","tag-patron","tag-pidio","tag-proteccion"],"jetpack_publicize_connections":[],"jetpack_featured_media_url":"https:\/\/armstrongyregion.com.ar\/diario\/wp-content\/uploads\/2016\/09\/Diaz-Patron-.jpg","jetpack_shortlink":"https:\/\/wp.me\/p62QDO-2sb","jetpack_sharing_enabled":true,"amp_enabled":true,"_links":{"self":[{"href":"https:\/\/armstrongyregion.com.ar\/diario\/wp-json\/wp\/v2\/posts\/9435","targetHints":{"allow":["GET"]}}],"collection":[{"href":"https:\/\/armstrongyregion.com.ar\/diario\/wp-json\/wp\/v2\/posts"}],"about":[{"href":"https:\/\/armstrongyregion.com.ar\/diario\/wp-json\/wp\/v2\/types\/post"}],"author":[{"embeddable":true,"href":"https:\/\/armstrongyregion.com.ar\/diario\/wp-json\/wp\/v2\/users\/2"}],"replies":[{"embeddable":true,"href":"https:\/\/armstrongyregion.com.ar\/diario\/wp-json\/wp\/v2\/comments?post=9435"}],"version-history":[{"count":0,"href":"https:\/\/armstrongyregion.com.ar\/diario\/wp-json\/wp\/v2\/posts\/9435\/revisions"}],"wp:featuredmedia":[{"embeddable":true,"href":"https:\/\/armstrongyregion.com.ar\/diario\/wp-json\/wp\/v2\/media\/9436"}],"wp:attachment":[{"href":"https:\/\/armstrongyregion.com.ar\/diario\/wp-json\/wp\/v2\/media?parent=9435"}],"wp:term":[{"taxonomy":"category","embeddable":true,"href":"https:\/\/armstrongyregion.com.ar\/diario\/wp-json\/wp\/v2\/categories?post=9435"},{"taxonomy":"post_tag","embeddable":true,"href":"https:\/\/armstrongyregion.com.ar\/diario\/wp-json\/wp\/v2\/tags?post=9435"}],"curies":[{"name":"wp","href":"https:\/\/api.w.org\/{rel}","templated":true}]}}