{"id":9429,"date":"2016-09-02T15:22:32","date_gmt":"2016-09-02T15:22:32","guid":{"rendered":"https:\/\/armstrongyregion.com.ar\/diario\/?p=9429"},"modified":"2016-09-02T15:22:32","modified_gmt":"2016-09-02T15:22:32","slug":"el-senador-cornaglia-recorrio-hospitales-del-departamento-belgrano","status":"publish","type":"post","link":"https:\/\/armstrongyregion.com.ar\/diario\/el-senador-cornaglia-recorrio-hospitales-del-departamento-belgrano\/","title":{"rendered":"El Senador Cornaglia recorri\u00f3 hospitales del departamento Belgrano."},"content":{"rendered":"<p><a href=\"http:\/\/armstrongyregion.com.ar\/diario\/wp-content\/uploads\/2016\/09\/Cornaglia-Samco-.jpg\"><img loading=\"lazy\" decoding=\"async\" class=\"alignnone size-full wp-image-9430\" src=\"http:\/\/armstrongyregion.com.ar\/diario\/wp-content\/uploads\/2016\/09\/Cornaglia-Samco-.jpg\" alt=\"Cornaglia-Samco-\" width=\"800\" height=\"489\" srcset=\"https:\/\/armstrongyregion.com.ar\/diario\/wp-content\/uploads\/2016\/09\/Cornaglia-Samco-.jpg 800w, https:\/\/armstrongyregion.com.ar\/diario\/wp-content\/uploads\/2016\/09\/Cornaglia-Samco--300x183.jpg 300w\" sizes=\"auto, (max-width: 800px) 100vw, 800px\" \/><\/a>Junto al Secretario de Salud del 1er y 2do nivel de la Pcia. Dr Jorge Stetler y la coordinadora de la Sub Regi\u00f3n Mariela Pereson visitaron distintos S.A.M.Co.<\/p>\n<p>Estuvieron en Las Rosas con el Intendente Javier Meyer, el Director Alejandro Luna y el Director del Hospital Bouquet Dr Adrian Cadagrande, y en\u00a0la reuni\u00f3n se dieron a conocer las obras votadas en la Ley de endeudamiento para refacci\u00f3n y reacondicionamiento del S.A.M.Co. Regional Las Rosas y sobre las distintas necesidades de estos efectores p\u00fablicos.<\/p>\n<p>Posteriormente la visita fue al S.A.M.Co. Montes de Oca donde tambi\u00e9n con su Presidente Comunal Leandro Dietschi e integrantes del mismo abordaron la problem\u00e1tica local, para terminar por la tarde en la localidad de Tortugas recorriendo el S.A.M.Co. junto a su Presidente Comunal Humberto Viozzi y personal del mencionado Centro.<\/p>\n","protected":false},"excerpt":{"rendered":"<p>Junto al Secretario de Salud del 1er y 2do nivel de la Pcia. Dr Jorge Stetler y la coordinadora de la Sub Regi\u00f3n Mariela Pereson visitaron distintos S.A.M.Co. Estuvieron en Las Rosas con el Intendente Javier Meyer, el Director Alejandro Luna y el Director del Hospital Bouquet Dr Adrian Cadagrande, y en\u00a0la reuni\u00f3n se dieron <a href=\"https:\/\/armstrongyregion.com.ar\/diario\/el-senador-cornaglia-recorrio-hospitales-del-departamento-belgrano\/\" title=\"Read more\" >&#8230;<\/a><\/p>\n","protected":false},"author":2,"featured_media":9430,"comment_status":"open","ping_status":"open","sticky":false,"template":"","format":"standard","meta":{"_jetpack_memberships_contains_paid_content":false,"footnotes":"","jetpack_publicize_message":"","jetpack_publicize_feature_enabled":true,"jetpack_social_post_already_shared":false,"jetpack_social_options":{"image_generator_settings":{"template":"highway","default_image_id":0,"enabled":false},"version":2}},"categories":[1,2,4,3],"tags":[873,1324,53,872,42,287,4359],"class_list":["post-9429","post","type-post","status-publish","format-standard","has-post-thumbnail","hentry","category-diario-armstrong","category-locales","category-prevencion-salud","category-region","tag-belgrano","tag-cornaglia","tag-del","tag-departamento","tag-los","tag-recorrio","tag-samcos"],"jetpack_publicize_connections":[],"jetpack_featured_media_url":"https:\/\/armstrongyregion.com.ar\/diario\/wp-content\/uploads\/2016\/09\/Cornaglia-Samco-.jpg","jetpack_shortlink":"https:\/\/wp.me\/p62QDO-2s5","jetpack_sharing_enabled":true,"amp_enabled":true,"_links":{"self":[{"href":"https:\/\/armstrongyregion.com.ar\/diario\/wp-json\/wp\/v2\/posts\/9429","targetHints":{"allow":["GET"]}}],"collection":[{"href":"https:\/\/armstrongyregion.com.ar\/diario\/wp-json\/wp\/v2\/posts"}],"about":[{"href":"https:\/\/armstrongyregion.com.ar\/diario\/wp-json\/wp\/v2\/types\/post"}],"author":[{"embeddable":true,"href":"https:\/\/armstrongyregion.com.ar\/diario\/wp-json\/wp\/v2\/users\/2"}],"replies":[{"embeddable":true,"href":"https:\/\/armstrongyregion.com.ar\/diario\/wp-json\/wp\/v2\/comments?post=9429"}],"version-history":[{"count":0,"href":"https:\/\/armstrongyregion.com.ar\/diario\/wp-json\/wp\/v2\/posts\/9429\/revisions"}],"wp:featuredmedia":[{"embeddable":true,"href":"https:\/\/armstrongyregion.com.ar\/diario\/wp-json\/wp\/v2\/media\/9430"}],"wp:attachment":[{"href":"https:\/\/armstrongyregion.com.ar\/diario\/wp-json\/wp\/v2\/media?parent=9429"}],"wp:term":[{"taxonomy":"category","embeddable":true,"href":"https:\/\/armstrongyregion.com.ar\/diario\/wp-json\/wp\/v2\/categories?post=9429"},{"taxonomy":"post_tag","embeddable":true,"href":"https:\/\/armstrongyregion.com.ar\/diario\/wp-json\/wp\/v2\/tags?post=9429"}],"curies":[{"name":"wp","href":"https:\/\/api.w.org\/{rel}","templated":true}]}}