{"id":9425,"date":"2016-09-01T22:45:21","date_gmt":"2016-09-01T22:45:21","guid":{"rendered":"https:\/\/armstrongyregion.com.ar\/diario\/?p=9425"},"modified":"2016-09-01T22:45:21","modified_gmt":"2016-09-01T22:45:21","slug":"presentacion-de-la-subsecretaria-de-politicas-de-diversidad-sexual","status":"publish","type":"post","link":"https:\/\/armstrongyregion.com.ar\/diario\/presentacion-de-la-subsecretaria-de-politicas-de-diversidad-sexual\/","title":{"rendered":"Presentaci\u00f3n de la Subsecretar\u00eda de Pol\u00edticas de Diversidad Sexual."},"content":{"rendered":"<p><a href=\"http:\/\/armstrongyregion.com.ar\/diario\/wp-content\/uploads\/2016\/09\/Presentacion-Subsecretaria.jpg\"><img loading=\"lazy\" decoding=\"async\" class=\"alignnone size-full wp-image-9426\" src=\"http:\/\/armstrongyregion.com.ar\/diario\/wp-content\/uploads\/2016\/09\/Presentacion-Subsecretaria.jpg\" alt=\"Presentacion Subsecretaria\" width=\"768\" height=\"432\" srcset=\"https:\/\/armstrongyregion.com.ar\/diario\/wp-content\/uploads\/2016\/09\/Presentacion-Subsecretaria.jpg 768w, https:\/\/armstrongyregion.com.ar\/diario\/wp-content\/uploads\/2016\/09\/Presentacion-Subsecretaria-300x169.jpg 300w\" sizes=\"auto, (max-width: 768px) 100vw, 768px\" \/><\/a>El d\u00eda lunes 29 de agosto, en el sal\u00f3n auditorio Delmo Dar\u00f3 de la Municipalidad de Armstrong se present\u00f3 la nueva Subsecretar\u00eda de Pol\u00edticas de Diversidad Sexual de la Provincia de Santa Fe, creada por el Gobernador Miguel Lifschitz.<\/p>\n<p>Por ello se hizo presente en la ciudad la persona \u00a0a cargo de la misma, Lic. Esteban Paul\u00f3n quien mantuvo una reuni\u00f3n con autoridades, el equipo t\u00e9cnico de la Secretar\u00eda de Salud y Promoci\u00f3n Comunitaria, profesionales de Ciencias Sociales y psic\u00f3logos.<\/p>\n<p>Esta Subsecretar\u00eda tiene como objetivo remover todas las barreras que puedan existir para que cualquier ciudadano o ciudadana de Santa Fe, por su orientaci\u00f3n sexual o su identidad de g\u00e9nero, no pudiera acceder a alg\u00fan servicio \u00f3 alg\u00fan derecho que la Provincia les garantiza a otros santafesinos.<\/p>\n<p>El Art\u00edculo N\u00ba 8 de la Constituci\u00f3n Provincial habla de la posibilidad de vivir una vida libre de discriminaci\u00f3n, con igualdad de derechos, con acceso a las oportunidades y, en ese sentido, si bien en Argentina se han aprobado leyes muy importantes para la diversidad sexual como el matrimonio igualitario, la ley de identidad de g\u00e9nero, tambi\u00e9n es cierto que en el ejercicio cotidiano de los derechos y el de la ciudadan\u00eda, no siempre la igualdad se traduce en una igualdad real.<\/p>\n<p>All\u00ed comienza el trabajo de la Subsecretar\u00eda que, de la mano con municipios, comunas, organizaciones sociales y las comunidades, \u00a0tiene este objetivo, promoviendo un cambio cultural profundo que permita que algunos aspectos y pr\u00e1cticas discriminatorias que est\u00e1n muy arraigadas en la sociedad puedan ser revertidas y se pueda trabajar hacia un horizonte de sociedades inclusivas y sin discriminaci\u00f3n.<\/p>\n","protected":false},"excerpt":{"rendered":"<p>El d\u00eda lunes 29 de agosto, en el sal\u00f3n auditorio Delmo Dar\u00f3 de la Municipalidad de Armstrong se present\u00f3 la nueva Subsecretar\u00eda de Pol\u00edticas de Diversidad Sexual de la Provincia de Santa Fe, creada por el Gobernador Miguel Lifschitz. Por ello se hizo presente en la ciudad la persona \u00a0a cargo de la misma, Lic. <a href=\"https:\/\/armstrongyregion.com.ar\/diario\/presentacion-de-la-subsecretaria-de-politicas-de-diversidad-sexual\/\" title=\"Read more\" >&#8230;<\/a><\/p>\n","protected":false},"author":2,"featured_media":9426,"comment_status":"open","ping_status":"open","sticky":false,"template":"","format":"standard","meta":{"_jetpack_memberships_contains_paid_content":false,"footnotes":"","jetpack_publicize_message":"","jetpack_publicize_feature_enabled":true,"jetpack_social_post_already_shared":false,"jetpack_social_options":{"image_generator_settings":{"template":"highway","default_image_id":0,"enabled":false},"version":2}},"categories":[1,2,7,4],"tags":[19,4330,581,1532,4358],"class_list":["post-9425","post","type-post","status-publish","format-standard","has-post-thumbnail","hentry","category-diario-armstrong","category-locales","category-politica","category-prevencion-salud","tag-de","tag-diversidad","tag-presentacion","tag-sexual","tag-subsecretaria"],"jetpack_publicize_connections":[],"jetpack_featured_media_url":"https:\/\/armstrongyregion.com.ar\/diario\/wp-content\/uploads\/2016\/09\/Presentacion-Subsecretaria.jpg","jetpack_shortlink":"https:\/\/wp.me\/p62QDO-2s1","jetpack_sharing_enabled":true,"amp_enabled":true,"_links":{"self":[{"href":"https:\/\/armstrongyregion.com.ar\/diario\/wp-json\/wp\/v2\/posts\/9425","targetHints":{"allow":["GET"]}}],"collection":[{"href":"https:\/\/armstrongyregion.com.ar\/diario\/wp-json\/wp\/v2\/posts"}],"about":[{"href":"https:\/\/armstrongyregion.com.ar\/diario\/wp-json\/wp\/v2\/types\/post"}],"author":[{"embeddable":true,"href":"https:\/\/armstrongyregion.com.ar\/diario\/wp-json\/wp\/v2\/users\/2"}],"replies":[{"embeddable":true,"href":"https:\/\/armstrongyregion.com.ar\/diario\/wp-json\/wp\/v2\/comments?post=9425"}],"version-history":[{"count":0,"href":"https:\/\/armstrongyregion.com.ar\/diario\/wp-json\/wp\/v2\/posts\/9425\/revisions"}],"wp:featuredmedia":[{"embeddable":true,"href":"https:\/\/armstrongyregion.com.ar\/diario\/wp-json\/wp\/v2\/media\/9426"}],"wp:attachment":[{"href":"https:\/\/armstrongyregion.com.ar\/diario\/wp-json\/wp\/v2\/media?parent=9425"}],"wp:term":[{"taxonomy":"category","embeddable":true,"href":"https:\/\/armstrongyregion.com.ar\/diario\/wp-json\/wp\/v2\/categories?post=9425"},{"taxonomy":"post_tag","embeddable":true,"href":"https:\/\/armstrongyregion.com.ar\/diario\/wp-json\/wp\/v2\/tags?post=9425"}],"curies":[{"name":"wp","href":"https:\/\/api.w.org\/{rel}","templated":true}]}}