{"id":9422,"date":"2016-09-01T22:26:01","date_gmt":"2016-09-01T22:26:01","guid":{"rendered":"https:\/\/armstrongyregion.com.ar\/diario\/?p=9422"},"modified":"2016-09-01T22:26:01","modified_gmt":"2016-09-01T22:26:01","slug":"diputados-provinciales-solo-sesionan-cada-15-dias","status":"publish","type":"post","link":"https:\/\/armstrongyregion.com.ar\/diario\/diputados-provinciales-solo-sesionan-cada-15-dias\/","title":{"rendered":"Diputados provinciales s\u00f3lo sesionan cada 15 d\u00edas."},"content":{"rendered":"<p><a href=\"http:\/\/armstrongyregion.com.ar\/diario\/wp-content\/uploads\/2016\/09\/sesion.jpg_1572130063.jpg\"><img loading=\"lazy\" decoding=\"async\" class=\"alignnone size-full wp-image-9423\" src=\"http:\/\/armstrongyregion.com.ar\/diario\/wp-content\/uploads\/2016\/09\/sesion.jpg_1572130063.jpg\" alt=\"sesion.jpg_1572130063\" width=\"760\" height=\"428\" srcset=\"https:\/\/armstrongyregion.com.ar\/diario\/wp-content\/uploads\/2016\/09\/sesion.jpg_1572130063.jpg 760w, https:\/\/armstrongyregion.com.ar\/diario\/wp-content\/uploads\/2016\/09\/sesion.jpg_1572130063-300x169.jpg 300w\" sizes=\"auto, (max-width: 760px) 100vw, 760px\" \/><\/a>En los \u00faltimos meses, la C\u00e1mara de Diputados\u00a0mantiene sesiones ordinarias quincenalmente y no cada jueves como est\u00e1 establecido. Fuentes consultadas aseguran que existe una \u00abbaja calidad\u00bb del trabajo en comisiones. En este marco, este jueves no se tratar\u00e1 la ampliaci\u00f3n de fiscales, tal cual solicit\u00f3 el poder Judicial al Ejecutivo as\u00ed como \u00a0la ciudadan\u00eda en su reclamo por seguridad.<\/p>\n<div>\n<p>La C\u00e1mara baja provincial\u00a0sesion\u00f3 en los \u00faltimos meses cada quince d\u00edas, cuando debe hacerlo cada siete. Los motivos, curiosamente, tienen que ver con que no hay temas para tratar ya que, como aseguraron fuentes consultadas, existe una \u00abbaja calidad\u00bb en el trabajo alcanzado en las comisiones.\u00a0A esta situaci\u00f3n hay que agregarle que la apertura de sesiones ordinarias tiene lugar el 1\u00ba de mayo.<\/p>\n<p>La C\u00e1mara de Diputados de Santa Fe deb\u00eda tratar este jueves un proyecto que busca aumentar la cantidad de fiscales y fiscales adjuntos para la provincia, algo que hab\u00eda sido solicitado\u00a0por parte del Poder Judicial al Ejecutivo, y que incluso se abord\u00f3 en la <a href=\"https:\/\/www.rosario3.com\/noticias\/Fiscales-con-Lifschitz-Es-bueno-que-el-gobernador-nos-escuche-20160823-0065.html\" target=\"_blank\">reuni\u00f3n<\/a> de la pasada semana entre el propio gobernador y las autoridades de la Justicia. El<a href=\"https:\/\/www.rosario3.com\/noticias\/Los-fiscales-necesitamos-mas-recursos-humanos-y-materiales-20160823-0043.html\" target=\"_blank\">pedido<\/a>\u00a0de mayores recursos sucedi\u00f3 en la previa a la masiva<a href=\"https:\/\/www.rosario3.com\/multimedia\/Masiva-marcha-y-acto-en-Gobernacion-para-pedir-justicia-y-seguridad-20160818-0062.html\" target=\"_blank\">movilizaci\u00f3n<\/a> que ocurri\u00f3 en Rosario el jueves pasado\u00a0en pedido de justicia y seguridad. Tambi\u00e9n lo pidi\u00f3 el poder Judicial al Ejecutivo.<\/p>\n<p>Sin embargo, los legisladores no tiene previsto sentarse en sus bancas este jueves. Es que, sorpresivamente, en los \u00faltimos meses las sesiones se concretan quincenalmente. Una r\u00e1pida mirada hacia atr\u00e1s permite analizar el ritmo de los diputados, que antes de la apertura ordinaria de sesiones, se reunieron en\u00a0ocho oportunidades: 2 y 16 de diciembre (2015); 3, 10, 23, 31 de marzo; 21 y 27 de abril. Cabe destacar, que en este per\u00edodo extraordinario s\u00f3lo se pueden tratar proyectos enviados por el Poder Ejecutivo.<\/p>\n<p>En mayo, los diputados provinciales sesionaron tres veces (5, 12 y 19) y en junio tambi\u00e9n (6, 16 y 30). Sin embargo, en los \u00faltimos meses, lo hicieron cada quince d\u00edas, seg\u00fan precis\u00f3 la periodista de Radio 2 Ivana Fux.<\/p>\n<p>Distintas fuentes aseguraron a <em><strong>Rosario3.com<\/strong><\/em> que el motivo por el que los legisladores sesionan cada dos semanas es por la \u00abbaja calidad\u00bb del trabajo en las comisiones de trabajo.<\/p>\n<p>\u00abCuando no hay sesi\u00f3n, los legisladores no van a las comisiones \u2013generalmente son los mi\u00e9rcoles o jueves\u2013 porque tienen que viajar. Es decir, en las propias comisiones no hay qu\u00f3rum. Y cuando hay sesi\u00f3n, la duraci\u00f3n no supera las tres horas\u00bb, a\u00f1adi\u00f3 una fuente consultada por este medio.<\/p>\n<p>\u00abTenemos que poner la cara y el cuerpo. Cuando se sesiona cada quince d\u00edas a la ciudadan\u00eda le queda la sensaci\u00f3n de que no se hablan de los problemas urgentes. Hay que asumir eso y poner la cara; m\u00e1s que nunca hay que laburar\u00bb, coment\u00f3 el diputado del Frente Social y Popular Carlos Del Frade al programa <em>Radi\u00f3polis<\/em> (Radio 2), cuando esta ma\u00f1ana se lo consult\u00f3 al respecto.<\/p>\n<p><strong>Un pedido ciudadano queda en espera<\/strong><\/p>\n<p>Por no sesionar este jueves, el proyecto que busca aumentar a 184 la cantidad de fiscales y fiscales adjuntos en la provincia se tratar\u00e1 reci\u00e9n la pr\u00f3xima semana. Cabe destacar que esta medida era solicitada desde las propias Fiscal\u00edas y que incluso le expresaron este pedido al gobernador Miguel Lifschitz la semana pasada en la sede de Gobernaci\u00f3n delegaci\u00f3n Rosario.<\/p>\n<p>La iniciativa, de aprobarse, duplicar\u00e1 la cantidad de fiscales en Rosario, ya que pasar\u00e1 de tener 32 a contar con 64. Lo mismo suceder\u00e1 en la ciudad de Santa Fe, que actualmente tiene 15 y tendr\u00e1 30.<\/p>\n<p>Rosario3.com<\/p>\n<\/div>\n<div id=\"pollopinion\" class=\"poll poll-open poll-opinion clearfix\"><\/div>\n","protected":false},"excerpt":{"rendered":"<p>En los \u00faltimos meses, la C\u00e1mara de Diputados\u00a0mantiene sesiones ordinarias quincenalmente y no cada jueves como est\u00e1 establecido. Fuentes consultadas aseguran que existe una \u00abbaja calidad\u00bb del trabajo en comisiones. En este marco, este jueves no se tratar\u00e1 la ampliaci\u00f3n de fiscales, tal cual solicit\u00f3 el poder Judicial al Ejecutivo as\u00ed como \u00a0la ciudadan\u00eda en <a href=\"https:\/\/armstrongyregion.com.ar\/diario\/diputados-provinciales-solo-sesionan-cada-15-dias\/\" title=\"Read more\" >&#8230;<\/a><\/p>\n","protected":false},"author":2,"featured_media":9423,"comment_status":"open","ping_status":"open","sticky":false,"template":"","format":"standard","meta":{"_jetpack_memberships_contains_paid_content":false,"footnotes":"","jetpack_publicize_message":"","jetpack_publicize_feature_enabled":true,"jetpack_social_post_already_shared":false,"jetpack_social_options":{"image_generator_settings":{"template":"highway","default_image_id":0,"enabled":false},"version":2}},"categories":[1,2,7],"tags":[1158,2304,706,829,748,4357,2011],"class_list":["post-9422","post","type-post","status-publish","format-standard","has-post-thumbnail","hentry","category-diario-armstrong","category-locales","category-politica","tag-1158","tag-cada","tag-dias","tag-diputados","tag-provinciales","tag-sesionan","tag-solo"],"jetpack_publicize_connections":[],"jetpack_featured_media_url":"https:\/\/armstrongyregion.com.ar\/diario\/wp-content\/uploads\/2016\/09\/sesion.jpg_1572130063.jpg","jetpack_shortlink":"https:\/\/wp.me\/p62QDO-2rY","jetpack_sharing_enabled":true,"amp_enabled":true,"_links":{"self":[{"href":"https:\/\/armstrongyregion.com.ar\/diario\/wp-json\/wp\/v2\/posts\/9422","targetHints":{"allow":["GET"]}}],"collection":[{"href":"https:\/\/armstrongyregion.com.ar\/diario\/wp-json\/wp\/v2\/posts"}],"about":[{"href":"https:\/\/armstrongyregion.com.ar\/diario\/wp-json\/wp\/v2\/types\/post"}],"author":[{"embeddable":true,"href":"https:\/\/armstrongyregion.com.ar\/diario\/wp-json\/wp\/v2\/users\/2"}],"replies":[{"embeddable":true,"href":"https:\/\/armstrongyregion.com.ar\/diario\/wp-json\/wp\/v2\/comments?post=9422"}],"version-history":[{"count":0,"href":"https:\/\/armstrongyregion.com.ar\/diario\/wp-json\/wp\/v2\/posts\/9422\/revisions"}],"wp:featuredmedia":[{"embeddable":true,"href":"https:\/\/armstrongyregion.com.ar\/diario\/wp-json\/wp\/v2\/media\/9423"}],"wp:attachment":[{"href":"https:\/\/armstrongyregion.com.ar\/diario\/wp-json\/wp\/v2\/media?parent=9422"}],"wp:term":[{"taxonomy":"category","embeddable":true,"href":"https:\/\/armstrongyregion.com.ar\/diario\/wp-json\/wp\/v2\/categories?post=9422"},{"taxonomy":"post_tag","embeddable":true,"href":"https:\/\/armstrongyregion.com.ar\/diario\/wp-json\/wp\/v2\/tags?post=9422"}],"curies":[{"name":"wp","href":"https:\/\/api.w.org\/{rel}","templated":true}]}}