{"id":9406,"date":"2016-08-31T16:42:07","date_gmt":"2016-08-31T16:42:07","guid":{"rendered":"https:\/\/armstrongyregion.com.ar\/diario\/?p=9406"},"modified":"2016-08-31T16:42:07","modified_gmt":"2016-08-31T16:42:07","slug":"augusto-fischer-el-frente-antiperonista-quiso-politizar-el-asunto","status":"publish","type":"post","link":"https:\/\/armstrongyregion.com.ar\/diario\/augusto-fischer-el-frente-antiperonista-quiso-politizar-el-asunto\/","title":{"rendered":"Augusto Fischer \u201cEl Frente antiperonista quiso politizar el asunto\u201d."},"content":{"rendered":"<p><a href=\"http:\/\/armstrongyregion.com.ar\/diario\/wp-content\/uploads\/2016\/08\/Augusto-Fischer-Concejal2.jpg\"><img loading=\"lazy\" decoding=\"async\" class=\"alignnone size-full wp-image-9407\" src=\"http:\/\/armstrongyregion.com.ar\/diario\/wp-content\/uploads\/2016\/08\/Augusto-Fischer-Concejal2.jpg\" alt=\"Augusto Fischer Concejal\" width=\"768\" height=\"538\" srcset=\"https:\/\/armstrongyregion.com.ar\/diario\/wp-content\/uploads\/2016\/08\/Augusto-Fischer-Concejal2.jpg 768w, https:\/\/armstrongyregion.com.ar\/diario\/wp-content\/uploads\/2016\/08\/Augusto-Fischer-Concejal2-300x210.jpg 300w\" sizes=\"auto, (max-width: 768px) 100vw, 768px\" \/><\/a>En la noche del martes, el concejal Augusto Fischer se refiri\u00f3 a la carta que confeccionaron las madres en repudio a la resoluci\u00f3n emitida por el oficialismo, el edil expres\u00f3, \u201cCon esa carta hablo el pueblo, hablaron las madres, nadie les obligo a que los ni\u00f1os vayan a la unidad b\u00e1sica, ac\u00e1 el Frente antiperonista quiso politizar el asunto, no nos olvidemos cuando ellos se pon\u00edan una remera roja con un Logo de la Juventud Radical e iban a las escuelas a distribuir caramelos, nosotros nunca dijimos nada, hacer feliz a los chicos que tiene de malo?\u201d<\/p>\n<p>Continu\u00f3, \u201cLa pol\u00edtica es otra cosa, \u00a0el concejo no tiene por qu\u00e9 meterse en estas actividades, o de ultima hubiesen realizado una minuta de declaraci\u00f3n no una Resoluci\u00f3n.<\/p>\n<p>Fischer agreg\u00f3: \u201cTambi\u00e9n es terrible lo que hizo la concejal P\u00e9rez fue al colegio a hablar con la directora, a que fue a apretar? Nosotros los peronistas no estamos acostumbrados a esto. Eso es pol\u00edtica baja, sucia, las madres aclararon de que no hay ning\u00fan trasfondo pol\u00edtico en esta actividad y que ellas autorizaron a sus hijos a concretarla\u201d.<\/p>\n<p>&nbsp;<\/p>\n<p>&nbsp;<\/p>\n","protected":false},"excerpt":{"rendered":"<p>En la noche del martes, el concejal Augusto Fischer se refiri\u00f3 a la carta que confeccionaron las madres en repudio a la resoluci\u00f3n emitida por el oficialismo, el edil expres\u00f3, \u201cCon esa carta hablo el pueblo, hablaron las madres, nadie les obligo a que los ni\u00f1os vayan a la unidad b\u00e1sica, ac\u00e1 el Frente antiperonista <a href=\"https:\/\/armstrongyregion.com.ar\/diario\/augusto-fischer-el-frente-antiperonista-quiso-politizar-el-asunto\/\" title=\"Read more\" >&#8230;<\/a><\/p>\n","protected":false},"author":2,"featured_media":9407,"comment_status":"open","ping_status":"open","sticky":false,"template":"","format":"standard","meta":{"_jetpack_memberships_contains_paid_content":false,"footnotes":"","jetpack_publicize_message":"","jetpack_publicize_feature_enabled":true,"jetpack_social_post_already_shared":false,"jetpack_social_options":{"image_generator_settings":{"template":"highway","default_image_id":0,"enabled":false},"version":2}},"categories":[1,2,7],"tags":[4348,4351,16,1043,257,4350,4349],"class_list":["post-9406","post","type-post","status-publish","format-standard","has-post-thumbnail","hentry","category-diario-armstrong","category-locales","category-politica","tag-antiperonista","tag-asunto","tag-el","tag-fischer","tag-frente","tag-politizar","tag-quiso"],"jetpack_publicize_connections":[],"jetpack_featured_media_url":"https:\/\/armstrongyregion.com.ar\/diario\/wp-content\/uploads\/2016\/08\/Augusto-Fischer-Concejal2.jpg","jetpack_shortlink":"https:\/\/wp.me\/p62QDO-2rI","jetpack_sharing_enabled":true,"amp_enabled":true,"_links":{"self":[{"href":"https:\/\/armstrongyregion.com.ar\/diario\/wp-json\/wp\/v2\/posts\/9406","targetHints":{"allow":["GET"]}}],"collection":[{"href":"https:\/\/armstrongyregion.com.ar\/diario\/wp-json\/wp\/v2\/posts"}],"about":[{"href":"https:\/\/armstrongyregion.com.ar\/diario\/wp-json\/wp\/v2\/types\/post"}],"author":[{"embeddable":true,"href":"https:\/\/armstrongyregion.com.ar\/diario\/wp-json\/wp\/v2\/users\/2"}],"replies":[{"embeddable":true,"href":"https:\/\/armstrongyregion.com.ar\/diario\/wp-json\/wp\/v2\/comments?post=9406"}],"version-history":[{"count":0,"href":"https:\/\/armstrongyregion.com.ar\/diario\/wp-json\/wp\/v2\/posts\/9406\/revisions"}],"wp:featuredmedia":[{"embeddable":true,"href":"https:\/\/armstrongyregion.com.ar\/diario\/wp-json\/wp\/v2\/media\/9407"}],"wp:attachment":[{"href":"https:\/\/armstrongyregion.com.ar\/diario\/wp-json\/wp\/v2\/media?parent=9406"}],"wp:term":[{"taxonomy":"category","embeddable":true,"href":"https:\/\/armstrongyregion.com.ar\/diario\/wp-json\/wp\/v2\/categories?post=9406"},{"taxonomy":"post_tag","embeddable":true,"href":"https:\/\/armstrongyregion.com.ar\/diario\/wp-json\/wp\/v2\/tags?post=9406"}],"curies":[{"name":"wp","href":"https:\/\/api.w.org\/{rel}","templated":true}]}}