{"id":9384,"date":"2016-08-30T21:31:33","date_gmt":"2016-08-30T21:31:33","guid":{"rendered":"https:\/\/armstrongyregion.com.ar\/diario\/?p=9384"},"modified":"2016-08-30T21:31:33","modified_gmt":"2016-08-30T21:31:33","slug":"armstrong-orden-del-dia-30-de-agosto","status":"publish","type":"post","link":"https:\/\/armstrongyregion.com.ar\/diario\/armstrong-orden-del-dia-30-de-agosto\/","title":{"rendered":"Armstrong. Orden del D\u00eda 30 de agosto."},"content":{"rendered":"<p><a href=\"http:\/\/armstrongyregion.com.ar\/diario\/wp-content\/uploads\/2016\/08\/Concejo-Deliberante-2.jpg\"><img loading=\"lazy\" decoding=\"async\" class=\"alignnone size-full wp-image-9385\" src=\"http:\/\/armstrongyregion.com.ar\/diario\/wp-content\/uploads\/2016\/08\/Concejo-Deliberante-2.jpg\" alt=\"Concejo-Deliberante-\" width=\"768\" height=\"506\" srcset=\"https:\/\/armstrongyregion.com.ar\/diario\/wp-content\/uploads\/2016\/08\/Concejo-Deliberante-2.jpg 768w, https:\/\/armstrongyregion.com.ar\/diario\/wp-content\/uploads\/2016\/08\/Concejo-Deliberante-2-300x198.jpg 300w\" sizes=\"auto, (max-width: 768px) 100vw, 768px\" \/><\/a>1-\u00a0 <u>ACTA\u00a0 SESI\u00d3N\u00a0 N\u00ba 908 <\/u><\/p>\n<p>2-\u00a0 <u>MENSAJES DEL D.E.:<\/u>\u00a0 A- PROYECTO AMPLI\u00c1NDONOS, PARA GESTIONAR FONDOS ANTE LA CONADIS Y CONCRETAR LA AMPLIACI\u00d3N DEL ESPACIO F\u00cdSICO CUBIERTO DE LA ESCUELA ESPECIAL N\u00ba 2100.<\/p>\n<p>B- PROYECTO DE ORDENANZA: MODIFICACI\u00d3N DE LA ORDENANZA GENERAL DE TR\u00c1NSITO, SOBRE SENTIDO DE CIRCULACI\u00d3N.<\/p>\n<p>&nbsp;<\/p>\n<p>3-\u00a0 <u>CORRESPONDENCIAS:<\/u><\/p>\n<p>&nbsp;<\/p>\n<p>A- VECINOS DE CALLE ECUADOR, ENTRE SANTA FE Y DR. FISCHER, SOLICITAN MAYOR CANTIDAD DE LUMINARIAS DE ALUMBRADO P\u00daBLICO.<\/p>\n<p>B- CONSIDERACIONES DE PADRES DE ALUMNOS DEL JARD\u00cdN N\u00ba 84, ANTE LA RESOLUCI\u00d3N PRESENTADA EN EL CUERPO, SOBRE ASISTENCIA DE ALUMNOS A UN LOCAL PARTIDARIO DE LA CIUDAD.<\/p>\n<p>&nbsp;<\/p>\n<p>4-\u00a0 <u>DICTAMENES DE COMISIONES:<\/u><\/p>\n<p>&nbsp;<\/p>\n<p>5-\u00a0 <u>PROYECTOS DE CONCEJALES:<\/u><\/p>\n<p>&nbsp;<\/p>\n<p>A- <u>BLOQUE DE FRENTE PROGRESISTA, C\u00cdVICO Y SOCIAL:<\/u><\/p>\n<p>&nbsp;<\/p>\n<p>B- <u>BLOQUE DE RENOVACI\u00d3N POR ARMSTRONG:<\/u><\/p>\n<p>&nbsp;<\/p>\n<p>C- <u>BLOQUE DE LA GRAN\u00a0 ARGENTINA \u2013 PARTIDO JUSTICIALISTA: <\/u><\/p>\n<p>&nbsp;<\/p>\n<p>1- MC.: LIMPIEZA Y NIVELACI\u00d3N DE CUNETAS EN CALLE CUFFIA.<\/p>\n<p>2- MC.: DIAGRAMACI\u00d3N DE UN PROTOCOLO DE SEGURIDAD PARA NUESTRA CIUDAD.<\/p>\n<p>3- ORD.: PARTIDA PARA EL COMEDOR DE LA ESCUELA N\u00ba 600.<\/p>\n<p>&nbsp;<\/p>\n<p>D- <u>BLOQUE DE FRENTE JUSTICIALISTA PARA LA VICTORIA:<\/u><\/p>\n<p>&nbsp;<\/p>\n<p>4- MC.: INFORME SOBRE REGULACI\u00d3N DE EDIFICACIONES NO DECLARADAS.<\/p>\n<p>5- MC.: ESTANCAMIENTO DE AGUA EN DIFERENTES LUGARES DE LA CIUDAD.<\/p>\n<p>&nbsp;<\/p>\n<p>E- <u>CONCEJO:<\/u><\/p>\n<p>&nbsp;<\/p>\n<p>6- MD.: D\u00cdA\u00a0 DE LA INDUSTRIA.<\/p>\n<p>7- MD.: D\u00cdA\u00a0 DEL INMIGRANTE.<\/p>\n<p>&nbsp;<\/p>\n<p>&nbsp;<\/p>\n<p>INICIO A LAS 20:00 HORAS.-<\/p>\n<p>&nbsp;<\/p>\n<p>&nbsp;<\/p>\n","protected":false},"excerpt":{"rendered":"<p>1-\u00a0 ACTA\u00a0 SESI\u00d3N\u00a0 N\u00ba 908 2-\u00a0 MENSAJES DEL D.E.:\u00a0 A- PROYECTO AMPLI\u00c1NDONOS, PARA GESTIONAR FONDOS ANTE LA CONADIS Y CONCRETAR LA AMPLIACI\u00d3N DEL ESPACIO F\u00cdSICO CUBIERTO DE LA ESCUELA ESPECIAL N\u00ba 2100. B- PROYECTO DE ORDENANZA: MODIFICACI\u00d3N DE LA ORDENANZA GENERAL DE TR\u00c1NSITO, SOBRE SENTIDO DE CIRCULACI\u00d3N. &nbsp; 3-\u00a0 CORRESPONDENCIAS: &nbsp; A- VECINOS DE CALLE <a href=\"https:\/\/armstrongyregion.com.ar\/diario\/armstrong-orden-del-dia-30-de-agosto\/\" title=\"Read more\" >&#8230;<\/a><\/p>\n","protected":false},"author":2,"featured_media":9385,"comment_status":"open","ping_status":"open","sticky":false,"template":"","format":"standard","meta":{"_jetpack_memberships_contains_paid_content":false,"footnotes":"","jetpack_publicize_message":"","jetpack_publicize_feature_enabled":true,"jetpack_social_post_already_shared":false,"jetpack_social_options":{"image_generator_settings":{"template":"highway","default_image_id":0,"enabled":false},"version":2}},"categories":[1,2,7],"tags":[53,793,1570],"class_list":["post-9384","post","type-post","status-publish","format-standard","has-post-thumbnail","hentry","category-diario-armstrong","category-locales","category-politica","tag-del","tag-dia","tag-orden"],"jetpack_publicize_connections":[],"jetpack_featured_media_url":"https:\/\/armstrongyregion.com.ar\/diario\/wp-content\/uploads\/2016\/08\/Concejo-Deliberante-2.jpg","jetpack_shortlink":"https:\/\/wp.me\/p62QDO-2rm","jetpack_sharing_enabled":true,"amp_enabled":true,"_links":{"self":[{"href":"https:\/\/armstrongyregion.com.ar\/diario\/wp-json\/wp\/v2\/posts\/9384","targetHints":{"allow":["GET"]}}],"collection":[{"href":"https:\/\/armstrongyregion.com.ar\/diario\/wp-json\/wp\/v2\/posts"}],"about":[{"href":"https:\/\/armstrongyregion.com.ar\/diario\/wp-json\/wp\/v2\/types\/post"}],"author":[{"embeddable":true,"href":"https:\/\/armstrongyregion.com.ar\/diario\/wp-json\/wp\/v2\/users\/2"}],"replies":[{"embeddable":true,"href":"https:\/\/armstrongyregion.com.ar\/diario\/wp-json\/wp\/v2\/comments?post=9384"}],"version-history":[{"count":0,"href":"https:\/\/armstrongyregion.com.ar\/diario\/wp-json\/wp\/v2\/posts\/9384\/revisions"}],"wp:featuredmedia":[{"embeddable":true,"href":"https:\/\/armstrongyregion.com.ar\/diario\/wp-json\/wp\/v2\/media\/9385"}],"wp:attachment":[{"href":"https:\/\/armstrongyregion.com.ar\/diario\/wp-json\/wp\/v2\/media?parent=9384"}],"wp:term":[{"taxonomy":"category","embeddable":true,"href":"https:\/\/armstrongyregion.com.ar\/diario\/wp-json\/wp\/v2\/categories?post=9384"},{"taxonomy":"post_tag","embeddable":true,"href":"https:\/\/armstrongyregion.com.ar\/diario\/wp-json\/wp\/v2\/tags?post=9384"}],"curies":[{"name":"wp","href":"https:\/\/api.w.org\/{rel}","templated":true}]}}