{"id":9374,"date":"2016-08-30T10:53:43","date_gmt":"2016-08-30T10:53:43","guid":{"rendered":"https:\/\/armstrongyregion.com.ar\/diario\/?p=9374"},"modified":"2016-08-30T10:53:43","modified_gmt":"2016-08-30T10:53:43","slug":"nacion-y-provincia-definen-plan-de-seguridad-y-refuerzo-de-gendarmeria","status":"publish","type":"post","link":"https:\/\/armstrongyregion.com.ar\/diario\/nacion-y-provincia-definen-plan-de-seguridad-y-refuerzo-de-gendarmeria\/","title":{"rendered":"Naci\u00f3n y provincia definen plan de seguridad y refuerzo de Gendarmer\u00eda."},"content":{"rendered":"<p><a href=\"http:\/\/armstrongyregion.com.ar\/diario\/wp-content\/uploads\/2016\/08\/lifschitz_pexa.jpg_1572130063.jpg\"><img loading=\"lazy\" decoding=\"async\" class=\"alignnone size-full wp-image-9375\" src=\"http:\/\/armstrongyregion.com.ar\/diario\/wp-content\/uploads\/2016\/08\/lifschitz_pexa.jpg_1572130063.jpg\" alt=\"lifschitz_pexa.jpg_1572130063\" width=\"760\" height=\"428\" srcset=\"https:\/\/armstrongyregion.com.ar\/diario\/wp-content\/uploads\/2016\/08\/lifschitz_pexa.jpg_1572130063.jpg 760w, https:\/\/armstrongyregion.com.ar\/diario\/wp-content\/uploads\/2016\/08\/lifschitz_pexa.jpg_1572130063-300x169.jpg 300w\" sizes=\"auto, (max-width: 760px) 100vw, 760px\" \/><\/a>El gobernador Lifschitz se reunir\u00e1 este martes con la ministra Patricia Bullrich, para coordinar el arribo de 3.000 agentes federales a Santa Fe. En la previa, el mandatario provincial mantuvo un encuentro con el jefe de Gabinete, Marcos Pe\u00f1a. Asegur\u00f3 que ambas gestiones deben tener \u00abun solo objetivo\u00bb .<\/p>\n<p>El gobernador Miguel Lifschitz se reunir\u00e1 este martes con la ministra de Seguridad de la Naci\u00f3n, Patricia Bullrich, con quien adem\u00e1s firmar\u00e1 un convenio sobre seguridad. Se espera que en el encuentro se defina la cantidad de agentes federales que el gobierno nacional destinar\u00e1 a la provincia. Fuentes oficiales, adelantaron que ser\u00e1n <a href=\"https:\/\/www.rosario3.com\/noticias\/La-Nacion-destinara-mas-de-3-mil-gendarmes-a-la-provincia-20160825-0008.html\" target=\"_blank\">3.000 gendarmes que llegar\u00e1n a Santa Fe<\/a>, de los cuales 1.500 se asentar\u00e1n en el Gran Rosario. El encuentro se desarrollar\u00e1 luego de la masiva movilizaci\u00f3n de la semana pasada en demanda de mayor seguridad para la ciudad.<\/p>\n<p>En la previa del encuentro de este martes, el gobernador Lifschitz se reuni\u00f3 en la Casa Rosada con el jefe de Gabinete, Marcos Pe\u00f1a. Ambos analizaron el tema de \u201cla seguridad, como as\u00ed tambi\u00e9n la econom\u00eda y los sectores productivos\u201d.<\/p>\n<p>&nbsp;<\/p>\n<p>M\u00e1s temprano, el mandatario santafesino se hab\u00eda referido por primera vez a la marcha del jueves pasado, a la calific\u00f3 de \u201cpositiva\u201d. En declaraciones a Radio 2, el gobernador defendi\u00f3 la tarea del ministro de Seguridad, Maximiliano Pullaro, e insisti\u00f3 en la <a href=\"https:\/\/www.rosario3.com\/noticias\/Lifschitz-Pullaro-es-el-ministro-que-necesitamos-20160829-0011.html\" target=\"_blank\">necesidad de fuerzas federales permanentes en Santa Fe<\/a>.<\/p>\n<p>Luego, durante la tarde de este lunes, viaj\u00f3 a Buenos Aires para reunirse con Pe\u00f1a. \u201cTuvimos una extensa reuni\u00f3n con el jefe de Gabinete, a la cual me acompa\u00f1\u00f3 la diputada nacional Alicia Ciciliani. El tema de la seguridad no estuvo ajeno para nada a la conversaci\u00f3n, si bien tenemos este martes una reuni\u00f3n espec\u00edfica con la ministra Bullrich\u201d, explic\u00f3 el gobernador.<\/p>\n<p>\u201cValoro este tipo de reuniones porque ayudan a derribar fantasmas y a generar marcos de di\u00e1logo para resolver los problemas porque en definitiva vivimos una Argentina complicada, compleja, por muchos motivos y, obviamente, Santa Fe tambi\u00e9n tiene sus temas de preocupaci\u00f3n y necesitamos trabajar de manera conjunta, de manera coordinada\u201d, afirm\u00f3.<\/p>\n<p>Lifschitz, quien destac\u00f3 el di\u00e1logo permanente con los ministros del gobierno nacional, coment\u00f3 tambi\u00e9n que en el encuentro con Pe\u00f1a se \u201chizo un an\u00e1lisis general de los temas de obra p\u00fablica, la relaci\u00f3n de los distintos ministerios y los temas en com\u00fan que tenemos en la provincia\u201d.<\/p>\n<p>Para el gobernador \u201cestamos en un tiempo de construcci\u00f3n, de b\u00fasqueda de soluciones a los problemas estructurales de la Argentina. En esos grandes temas, como lo es la violencia, el narcotr\u00e1fico, como lo es la cuesti\u00f3n social, tenemos que tener un solo objetivo y una sola estrategia\u201d.<\/p>\n<p><strong>Plan Nacional<\/strong><\/p>\n<p>El encuentro entre Lifschitz y Bullrich\u00a0se dar\u00e1 adem\u00e1s en el marco del lanzamiento a nivel nacional del programa \u00abArgentina sin narcotr\u00e1fico\u00bb.<\/p>\n<p>El presidente Mauricio Macri presentar\u00e1 este martes el plan\u00a0que establecer\u00e1 los objetivos para \u00abla prevenci\u00f3n y el abordaje integral de las adicciones y la lucha contra esa forma de crimen organizado\u00bb.<\/p>\n<p>El acto est\u00e1 previsto para las 9.15 en Tecn\u00f3polis con la participaci\u00f3n de la vicepresidenta\u00a0Gabriela Michetti, miembros del gabinete nacional, gobernadores, senadores, diputados y autoridades del Poder Judicial.<\/p>\n<p>Rosario3.Com<\/p>\n","protected":false},"excerpt":{"rendered":"<p>El gobernador Lifschitz se reunir\u00e1 este martes con la ministra Patricia Bullrich, para coordinar el arribo de 3.000 agentes federales a Santa Fe. En la previa, el mandatario provincial mantuvo un encuentro con el jefe de Gabinete, Marcos Pe\u00f1a. Asegur\u00f3 que ambas gestiones deben tener \u00abun solo objetivo\u00bb . El gobernador Miguel Lifschitz se reunir\u00e1 <a href=\"https:\/\/armstrongyregion.com.ar\/diario\/nacion-y-provincia-definen-plan-de-seguridad-y-refuerzo-de-gendarmeria\/\" title=\"Read more\" >&#8230;<\/a><\/p>\n","protected":false},"author":2,"featured_media":9375,"comment_status":"open","ping_status":"open","sticky":false,"template":"","format":"standard","meta":{"_jetpack_memberships_contains_paid_content":false,"footnotes":"","jetpack_publicize_message":"","jetpack_publicize_feature_enabled":true,"jetpack_social_post_already_shared":false,"jetpack_social_options":{"image_generator_settings":{"template":"highway","default_image_id":0,"enabled":false},"version":2}},"categories":[1,2,7,3],"tags":[4342,32,565,453,13],"class_list":["post-9374","post","type-post","status-publish","format-standard","has-post-thumbnail","hentry","category-diario-armstrong","category-locales","category-politica","category-region","tag-definen","tag-nacion","tag-provincia","tag-seguridad","tag-y"],"jetpack_publicize_connections":[],"jetpack_featured_media_url":"https:\/\/armstrongyregion.com.ar\/diario\/wp-content\/uploads\/2016\/08\/lifschitz_pexa.jpg_1572130063.jpg","jetpack_shortlink":"https:\/\/wp.me\/p62QDO-2rc","jetpack_sharing_enabled":true,"amp_enabled":true,"_links":{"self":[{"href":"https:\/\/armstrongyregion.com.ar\/diario\/wp-json\/wp\/v2\/posts\/9374","targetHints":{"allow":["GET"]}}],"collection":[{"href":"https:\/\/armstrongyregion.com.ar\/diario\/wp-json\/wp\/v2\/posts"}],"about":[{"href":"https:\/\/armstrongyregion.com.ar\/diario\/wp-json\/wp\/v2\/types\/post"}],"author":[{"embeddable":true,"href":"https:\/\/armstrongyregion.com.ar\/diario\/wp-json\/wp\/v2\/users\/2"}],"replies":[{"embeddable":true,"href":"https:\/\/armstrongyregion.com.ar\/diario\/wp-json\/wp\/v2\/comments?post=9374"}],"version-history":[{"count":0,"href":"https:\/\/armstrongyregion.com.ar\/diario\/wp-json\/wp\/v2\/posts\/9374\/revisions"}],"wp:featuredmedia":[{"embeddable":true,"href":"https:\/\/armstrongyregion.com.ar\/diario\/wp-json\/wp\/v2\/media\/9375"}],"wp:attachment":[{"href":"https:\/\/armstrongyregion.com.ar\/diario\/wp-json\/wp\/v2\/media?parent=9374"}],"wp:term":[{"taxonomy":"category","embeddable":true,"href":"https:\/\/armstrongyregion.com.ar\/diario\/wp-json\/wp\/v2\/categories?post=9374"},{"taxonomy":"post_tag","embeddable":true,"href":"https:\/\/armstrongyregion.com.ar\/diario\/wp-json\/wp\/v2\/tags?post=9374"}],"curies":[{"name":"wp","href":"https:\/\/api.w.org\/{rel}","templated":true}]}}