{"id":9366,"date":"2016-08-29T13:46:12","date_gmt":"2016-08-29T13:46:12","guid":{"rendered":"https:\/\/armstrongyregion.com.ar\/diario\/?p=9366"},"modified":"2016-08-29T13:46:12","modified_gmt":"2016-08-29T13:46:12","slug":"otro-paro-docente-para-esta-semana","status":"publish","type":"post","link":"https:\/\/armstrongyregion.com.ar\/diario\/otro-paro-docente-para-esta-semana\/","title":{"rendered":"Otro paro docente para esta semana."},"content":{"rendered":"<p><a href=\"http:\/\/armstrongyregion.com.ar\/diario\/wp-content\/uploads\/2016\/08\/docentemarcha7.jpg_1572130063.jpg\"><img loading=\"lazy\" decoding=\"async\" class=\"alignnone size-full wp-image-9367\" src=\"http:\/\/armstrongyregion.com.ar\/diario\/wp-content\/uploads\/2016\/08\/docentemarcha7.jpg_1572130063.jpg\" alt=\"docentemarcha7.jpg_1572130063\" width=\"768\" height=\"433\" srcset=\"https:\/\/armstrongyregion.com.ar\/diario\/wp-content\/uploads\/2016\/08\/docentemarcha7.jpg_1572130063.jpg 768w, https:\/\/armstrongyregion.com.ar\/diario\/wp-content\/uploads\/2016\/08\/docentemarcha7.jpg_1572130063-300x169.jpg 300w\" sizes=\"auto, (max-width: 768px) 100vw, 768px\" \/><\/a>El jueves a la tarde y el viernes pr\u00f3ximos no habr\u00e1 clases, en el marco de la Marcha Federal a realizarse en Buenos Aires.<\/p>\n<p>Los docentes de la provincia no dar\u00e1n clases este jueves a la tarde y el viernes debido a la realizaci\u00f3n de la Marcha Federal que se llevar\u00e1 a cabo en Capital Federal con la participaci\u00f3n de gremios y organizaciones sociales de todo el pa\u00eds. La semana pasada, <a href=\"https:\/\/www.rosario3.com\/noticias\/El-paro-docente-fue-fuerte-en-todos-los-noveles-20160824-0044.html\">los maestros santafesinos desarrollaron un cese de actividades<\/a> para reclamar la reapertura de paritarias.<\/p>\n<p>Este viernes est\u00e1 prevista la Marcha Federal con una fuerte participaci\u00f3n de Central de Trabajadores Argentinos (CTA) \u00abcontra los tarifazos, los despidos y el ajuste\u00bb.<\/p>\n<p>En este marco, el jueves en Rosario se espera la realizaci\u00f3n de una movilizaci\u00f3n que empieza a las 16 en la plaza San Mart\u00edn (Moreno y C\u00f3rdoba). Luego, se marcha hacia la Montenegro (San Luis y San Mart\u00edn), donde se har\u00e1 el acto central. Debido a esta situaci\u00f3n, Amsafe desobliga a sus alumnos desde las 15. No as\u00ed los docentes privados ni en facultades de la Universidad Nacional de Rosario (UNR).<\/p>\n<p>En tanto, el viernes tendr\u00e1 lugar un paro en todos los niveles educativos, es decir, en los p\u00fablicos, los privados, los primarios, medios, secundarios y universitarios.<\/p>\n<p>Rosario3.com<\/p>\n","protected":false},"excerpt":{"rendered":"<p>El jueves a la tarde y el viernes pr\u00f3ximos no habr\u00e1 clases, en el marco de la Marcha Federal a realizarse en Buenos Aires. Los docentes de la provincia no dar\u00e1n clases este jueves a la tarde y el viernes debido a la realizaci\u00f3n de la Marcha Federal que se llevar\u00e1 a cabo en Capital <a href=\"https:\/\/armstrongyregion.com.ar\/diario\/otro-paro-docente-para-esta-semana\/\" title=\"Read more\" >&#8230;<\/a><\/p>\n","protected":false},"author":2,"featured_media":9367,"comment_status":"open","ping_status":"open","sticky":false,"template":"","format":"standard","meta":{"_jetpack_memberships_contains_paid_content":false,"footnotes":"","jetpack_publicize_message":"","jetpack_publicize_feature_enabled":true,"jetpack_social_post_already_shared":false,"jetpack_social_options":{"image_generator_settings":{"template":"highway","default_image_id":0,"enabled":false},"version":2}},"categories":[6,1,2,3],"tags":[1236,94,286,81,1026,919],"class_list":["post-9366","post","type-post","status-publish","format-standard","has-post-thumbnail","hentry","category-cultura-entretenimiento","category-diario-armstrong","category-locales","category-region","tag-docente","tag-esta","tag-otro","tag-para","tag-paro","tag-semana"],"jetpack_publicize_connections":[],"jetpack_featured_media_url":"https:\/\/armstrongyregion.com.ar\/diario\/wp-content\/uploads\/2016\/08\/docentemarcha7.jpg_1572130063.jpg","jetpack_shortlink":"https:\/\/wp.me\/p62QDO-2r4","jetpack_sharing_enabled":true,"amp_enabled":true,"_links":{"self":[{"href":"https:\/\/armstrongyregion.com.ar\/diario\/wp-json\/wp\/v2\/posts\/9366","targetHints":{"allow":["GET"]}}],"collection":[{"href":"https:\/\/armstrongyregion.com.ar\/diario\/wp-json\/wp\/v2\/posts"}],"about":[{"href":"https:\/\/armstrongyregion.com.ar\/diario\/wp-json\/wp\/v2\/types\/post"}],"author":[{"embeddable":true,"href":"https:\/\/armstrongyregion.com.ar\/diario\/wp-json\/wp\/v2\/users\/2"}],"replies":[{"embeddable":true,"href":"https:\/\/armstrongyregion.com.ar\/diario\/wp-json\/wp\/v2\/comments?post=9366"}],"version-history":[{"count":0,"href":"https:\/\/armstrongyregion.com.ar\/diario\/wp-json\/wp\/v2\/posts\/9366\/revisions"}],"wp:featuredmedia":[{"embeddable":true,"href":"https:\/\/armstrongyregion.com.ar\/diario\/wp-json\/wp\/v2\/media\/9367"}],"wp:attachment":[{"href":"https:\/\/armstrongyregion.com.ar\/diario\/wp-json\/wp\/v2\/media?parent=9366"}],"wp:term":[{"taxonomy":"category","embeddable":true,"href":"https:\/\/armstrongyregion.com.ar\/diario\/wp-json\/wp\/v2\/categories?post=9366"},{"taxonomy":"post_tag","embeddable":true,"href":"https:\/\/armstrongyregion.com.ar\/diario\/wp-json\/wp\/v2\/tags?post=9366"}],"curies":[{"name":"wp","href":"https:\/\/api.w.org\/{rel}","templated":true}]}}