{"id":9355,"date":"2016-08-29T03:11:41","date_gmt":"2016-08-29T03:11:41","guid":{"rendered":"https:\/\/armstrongyregion.com.ar\/diario\/?p=9355"},"modified":"2016-08-29T03:11:41","modified_gmt":"2016-08-29T03:11:41","slug":"nacion-destinara-1-500-gendarmes-al-gran-rosario-para-combatir-la-inseguridad","status":"publish","type":"post","link":"https:\/\/armstrongyregion.com.ar\/diario\/nacion-destinara-1-500-gendarmes-al-gran-rosario-para-combatir-la-inseguridad\/","title":{"rendered":"Naci\u00f3n destinar\u00e1 1.500 gendarmes al Gran Rosario para combatir la inseguridad."},"content":{"rendered":"<p><a href=\"http:\/\/armstrongyregion.com.ar\/diario\/wp-content\/uploads\/2016\/08\/Gendarmes-.jpg\"><img loading=\"lazy\" decoding=\"async\" class=\"alignnone size-full wp-image-9356\" src=\"http:\/\/armstrongyregion.com.ar\/diario\/wp-content\/uploads\/2016\/08\/Gendarmes-.jpg\" alt=\"Gendarmes-\" width=\"768\" height=\"484\" srcset=\"https:\/\/armstrongyregion.com.ar\/diario\/wp-content\/uploads\/2016\/08\/Gendarmes-.jpg 768w, https:\/\/armstrongyregion.com.ar\/diario\/wp-content\/uploads\/2016\/08\/Gendarmes--300x189.jpg 300w\" sizes=\"auto, (max-width: 768px) 100vw, 768px\" \/><\/a>Ser\u00e1n parte de las fuerzas federales que enviar\u00e1 a la provincia para combatir el delito, en coordinaci\u00f3n con la polic\u00eda local.<\/p>\n<p align=\"justify\">ministra de Seguridad de la Naci\u00f3n, Patricia Bullrich, le propondr\u00e1 al gobernador Miguel Lifschitz la presencia de unos 1.500 agentes federales en el Gran Rosario para combatir la inseguridad. La funcionaria remarcar\u00e1 que los gendarmes, miembros de Prefectura y Polic\u00eda Federal har\u00e1n un \u00abtrabajo integral en la regi\u00f3n y en las principales ciudades y corredores de la provincia\u00bb. Y exigir\u00e1 a cambio que \u00abla polic\u00eda provincial no se repliegue y haga su trabajo en conjunto con las fuerzas nacionales\u00bb, confi\u00f3 a LaCapital un funcionario macrista.<\/p>\n<p align=\"justify\">Actualmente, en el \u00e1rea metropolitana rosarina hay unos 400 agentes de las fuerzas de seguridad que dependen del gobierno nacional. Se dedican fundamentalmente a combatir delitos de competencia federal, como el narcotr\u00e1fico, en las principales rutas y corredores viales.<\/p>\n<p align=\"justify\">La semana pasada, el jefe de Gabinete, Marcos Pe\u00f1a, hab\u00eda mencionado en su exposici\u00f3n en el Congreso que la intenci\u00f3n de la Casa Rosada era garantizar unos 3.000 agentes federales en la provincia para disminuir la tasa de homicidios en Santa Fe, de las m\u00e1s altas de la Argentina.<\/p>\n<p align=\"justify\">Seg\u00fan pudo saber este diario, en los \u00faltimos d\u00edas Bullrich puli\u00f3 el esquema que hab\u00eda adelantado el ministro coordinador en su informe peri\u00f3dico ante la <a class=\"agrupador\" href=\"http:\/\/www.lacapital.com.ar\/camara-diputados-a2011\" rel=\"2011\">C\u00e1mara de Diputados<\/a>.<\/p>\n<p align=\"justify\">Y pasado ma\u00f1ana, despu\u00e9s de presentar el plan nacional de combate al narcotr\u00e1fico, un eje central de la campa\u00f1a electoral de <a class=\"agrupador\" href=\"http:\/\/www.lacapital.com.ar\/cambiemos-a4418\" rel=\"4418\">Cambiemos<\/a> que llev\u00f3 a Mauricio Macri a la Casa Rosada, la ministra de Seguridad se reunir\u00e1 con Lifschitz para acordar los t\u00e9rminos del plan integral en Santa Fe.<\/p>\n<p align=\"justify\"><strong>Propuesta.<\/strong> Para el Gran Rosario se piensa en una presencia de \u00abno menos de 1.500 agentes de las fuerzas federales\u00bb, apuntaron desde el PRO. La cifra incluye, al menos inicialmente, a los actuales 400 gendarmes y prefectos desplegados, con lo cual se tratar\u00eda de un refuerzo de 1.100 miembros.<\/p>\n<p align=\"justify\">Y destacaron que habr\u00e1 presencia federal \u00abno s\u00f3lo en Rosario sino en toda la zona metropolitana\u00bb. Al respecto, remarcaron que en las anteriores experiencias de desembarcos de federales a territorio rosarino durante el kirchnerismo \u00abse not\u00f3 un fuerte corrimiento del delito hacia P\u00e9rez, Rold\u00e1n, Baigorria, <a class=\"agrupador\" href=\"http:\/\/www.lacapital.com.ar\/capitan-bermudez-a1918\" rel=\"1918\">Capit\u00e1n Berm\u00fadez<\/a> y Villa Gobernador G\u00e1lvez\u00bb.<\/p>\n<p align=\"justify\">Esas y otras localidades de menor densidad poblacional y otras del \u00e1rea metropolitana ser\u00e1n atendidas esta vez con el mismo \u00e9nfasis que Rosario, con un criterio de proporcionalidad por su poblaci\u00f3n y conflictos.<\/p>\n<p align=\"justify\">Desde la gesti\u00f3n de Cambiemos apuntaron que \u00abadem\u00e1s de miembros de las fuerzas federales habr\u00e1 presencia y visitas permanentes de altos funcionarios supervisando todo lo que se haga en el territorio\u00bb.<\/p>\n<p align=\"justify\">Otro aspecto clave que la ministra de Seguridad le transmitir\u00e1 el martes al gobernador Lifschitz est\u00e1 vinculado con la necesidad de \u00abhacer un trabajo integral, coordinado y complementado entre las fuerzas federales y la polic\u00eda santafesina\u00bb.<\/p>\n<p align=\"justify\">En ese sentido, un operador con llegada a altos despachos nacionales grafic\u00f3: \u00abEn los anteriores dos desembarcos de fuerzas federales a Rosario, bajo las \u00f3rdenes de (el ex secretario de Seguridad kirchnerista) Sergio Berni, la polic\u00eda provincial se replegaba de los territorios conflictivos donde llegaba Gendarmer\u00eda y Prefectura\u00bb.<\/p>\n<p align=\"justify\">\u00abLo sugestivo \u2014continu\u00f3\u2014 es que el delito se trasladaba luego a los barrios donde se apostaba la polic\u00eda de Santa Fe. La hip\u00f3tesis m\u00e1s fuerte es que hab\u00eda connivencia con los delincuentes\u00bb.<\/p>\n<p align=\"justify\">En ese marco, la orden que bajar\u00e1 desde el Ministerio de Seguridad es \u00abesta vez, ir hasta el hueso para que el d\u00eda que se empiecen a retirar los federales, que no se van a quedar para siempre en Santa Fe, no se vuelva a foja cero\u00bb.<\/p>\n<p align=\"justify\">Por eso habr\u00e1 \u00abexigencias y condiciones\u00bb que pondr\u00e1 Bullrich a la gesti\u00f3n del Frente Progresista para que se concrete el desembarco federal en el corto plazo en las principales ciudades santafesinas.<\/p>\n<p align=\"justify\">\u00abEsta vez la polic\u00eda de Santa Fe va a tener que hacer su parte de verdad, no mirar para el costado para hacer bajar los indicadores violentos que hay en la provincia\u00bb, agregaron desde el PRO, para despu\u00e9s remarcar que \u00abBullrich tiene en su despacho una carpeta bien detallada de lo que pasa en Santa Fe, y lo tiene muy presente\u00bb.<\/p>\n<p align=\"justify\">El desembarco de numerosos agentes de las fuerzas federales a Rosario y las principales ciudades de Santa Fe supone un fuerte golpe de tim\u00f3n en el combate al delito. \u00abSolicitado por el propio gobierno de Santa Fe\u00bb, remarcaron desde el PRO.<\/p>\n<p align=\"justify\">En ese sentido, operadores macristas destacaron que meses atr\u00e1s hubo un acuerdo entre la ministra de Seguridad de la Naci\u00f3n, Patricia Bullrich, y su par provincial, Maximiliano Pullaro, para que \u00ablas fuerzas federales hicieran el control de corredores viales y el combate al narcotr\u00e1fico\u00bb.<\/p>\n<p align=\"justify\">Seg\u00fan ese acuerdo, \u00abla polic\u00eda de Santa Fe se iba a concentrar en la seguridad ciudadana de los habitantes de la provincia\u00bb.De acuerdo a la versi\u00f3n del PRO, \u00abahora que los indicadores de inseguridad se dispararon, dieron marcha atr\u00e1s con esa idea y el ministro Pullaro dijo estar abierto a que se env\u00eden fuerzas federales para reforzar la seguridad ciudadana\u00bb.<\/p>\n<p align=\"justify\">por <a href=\"http:\/\/www.lacapital.com.ar\/guillermo-zysman-la-capital-p178.html\">Guillermo Zysman \/ La Capital<\/a><\/p>\n","protected":false},"excerpt":{"rendered":"<p>Ser\u00e1n parte de las fuerzas federales que enviar\u00e1 a la provincia para combatir el delito, en coordinaci\u00f3n con la polic\u00eda local. ministra de Seguridad de la Naci\u00f3n, Patricia Bullrich, le propondr\u00e1 al gobernador Miguel Lifschitz la presencia de unos 1.500 agentes federales en el Gran Rosario para combatir la inseguridad. La funcionaria remarcar\u00e1 que los <a href=\"https:\/\/armstrongyregion.com.ar\/diario\/nacion-destinara-1-500-gendarmes-al-gran-rosario-para-combatir-la-inseguridad\/\" title=\"Read more\" >&#8230;<\/a><\/p>\n","protected":false},"author":2,"featured_media":9356,"comment_status":"open","ping_status":"open","sticky":false,"template":"","format":"standard","meta":{"_jetpack_memberships_contains_paid_content":false,"footnotes":"","jetpack_publicize_message":"","jetpack_publicize_feature_enabled":true,"jetpack_social_post_already_shared":false,"jetpack_social_options":{"image_generator_settings":{"template":"highway","default_image_id":0,"enabled":false},"version":2}},"categories":[1,2852,7,3],"tags":[4336,4334,15,4335,3776,32,81,784],"class_list":["post-9355","post","type-post","status-publish","format-standard","has-post-thumbnail","hentry","category-diario-armstrong","category-policiales","category-politica","category-region","tag-combatir","tag-destina","tag-en","tag-gendarmes","tag-inseguridad","tag-nacion","tag-para","tag-rosario"],"jetpack_publicize_connections":[],"jetpack_featured_media_url":"https:\/\/armstrongyregion.com.ar\/diario\/wp-content\/uploads\/2016\/08\/Gendarmes-.jpg","jetpack_shortlink":"https:\/\/wp.me\/p62QDO-2qT","jetpack_sharing_enabled":true,"amp_enabled":true,"_links":{"self":[{"href":"https:\/\/armstrongyregion.com.ar\/diario\/wp-json\/wp\/v2\/posts\/9355","targetHints":{"allow":["GET"]}}],"collection":[{"href":"https:\/\/armstrongyregion.com.ar\/diario\/wp-json\/wp\/v2\/posts"}],"about":[{"href":"https:\/\/armstrongyregion.com.ar\/diario\/wp-json\/wp\/v2\/types\/post"}],"author":[{"embeddable":true,"href":"https:\/\/armstrongyregion.com.ar\/diario\/wp-json\/wp\/v2\/users\/2"}],"replies":[{"embeddable":true,"href":"https:\/\/armstrongyregion.com.ar\/diario\/wp-json\/wp\/v2\/comments?post=9355"}],"version-history":[{"count":0,"href":"https:\/\/armstrongyregion.com.ar\/diario\/wp-json\/wp\/v2\/posts\/9355\/revisions"}],"wp:featuredmedia":[{"embeddable":true,"href":"https:\/\/armstrongyregion.com.ar\/diario\/wp-json\/wp\/v2\/media\/9356"}],"wp:attachment":[{"href":"https:\/\/armstrongyregion.com.ar\/diario\/wp-json\/wp\/v2\/media?parent=9355"}],"wp:term":[{"taxonomy":"category","embeddable":true,"href":"https:\/\/armstrongyregion.com.ar\/diario\/wp-json\/wp\/v2\/categories?post=9355"},{"taxonomy":"post_tag","embeddable":true,"href":"https:\/\/armstrongyregion.com.ar\/diario\/wp-json\/wp\/v2\/tags?post=9355"}],"curies":[{"name":"wp","href":"https:\/\/api.w.org\/{rel}","templated":true}]}}