{"id":9346,"date":"2016-08-27T22:23:51","date_gmt":"2016-08-27T22:23:51","guid":{"rendered":"https:\/\/armstrongyregion.com.ar\/diario\/?p=9346"},"modified":"2016-08-27T22:23:51","modified_gmt":"2016-08-27T22:23:51","slug":"clerici-acompano-a-la-ministra-balague-en-el-foro-regional-de-participacion-ciudadana","status":"publish","type":"post","link":"https:\/\/armstrongyregion.com.ar\/diario\/clerici-acompano-a-la-ministra-balague-en-el-foro-regional-de-participacion-ciudadana\/","title":{"rendered":"Cl\u00e9rici acompa\u00f1o a la Ministra Balague en el Foro Regional de participaci\u00f3n ciudadana."},"content":{"rendered":"<p><a href=\"http:\/\/armstrongyregion.com.ar\/diario\/wp-content\/uploads\/2016\/08\/clerici-2-.jpg\"><img loading=\"lazy\" decoding=\"async\" class=\"alignnone size-full wp-image-9347\" src=\"http:\/\/armstrongyregion.com.ar\/diario\/wp-content\/uploads\/2016\/08\/clerici-2-.jpg\" alt=\"clerici-2-\" width=\"768\" height=\"573\" srcset=\"https:\/\/armstrongyregion.com.ar\/diario\/wp-content\/uploads\/2016\/08\/clerici-2-.jpg 768w, https:\/\/armstrongyregion.com.ar\/diario\/wp-content\/uploads\/2016\/08\/clerici-2--300x224.jpg 300w\" sizes=\"auto, (max-width: 768px) 100vw, 768px\" \/><\/a>\u201cNo podemos naturalizar que miles de familias se queden sin sustento\u201d<\/p>\n<p>\u201cPor un lado est\u00e1n los discursos oficiales y muy lejos lo que realmente est\u00e1 pasando, como este brutal aumento de la desocupaci\u00f3n, consecuencia de la vuelta al ajuste neoliberal que impulsan Mauricio Macri y su gobierno\u201d, dijo el diputado del Mercosur Diego Mansilla, consultado respecto de los datos del Indec recientemente difundidos, que dan cuenta de una fuerte suba del desempleo en todo el pa\u00eds. \u201cNo podemos naturalizar que miles y miles de familias se est\u00e9n quedando sin sustento, sin la dignidad de poder ganarse el pan y una vida cada vez m\u00e1s plena, m\u00e1s feliz. Esto que pasa se puede revertir r\u00e1pidamente con pol\u00edticas p\u00fablicas que ya se aplicaron y mostraron su eficacia, como las de transferencia de recursos desde los sectores concentrados y especulativos a los trabajadores y al mercado interno, las de fomento de la industrializaci\u00f3n y el agregado de valor a las cadenas productivas, las de sustituci\u00f3n de importaciones y promoci\u00f3n de las exportaciones\u201d, sostuvo Mansilla.<br \/>\n\u201cDespu\u00e9s de la terrible crisis de 2001 los argentinos hicimos un enorme esfuerzo por recuperarnos, para volver al crecimiento econ\u00f3mico con generaci\u00f3n de empleo, con inclusi\u00f3n, avanzando a la justicia social. Nuestra regi\u00f3n es un ejemplo de esa recuperaci\u00f3n, que se dio articulando los recursos del Estado con la fuerza de los trabajadores, los peque\u00f1os y medianos empresarios, los profesionales y t\u00e9cnicos, los comerciantes y prestadores de servicios. Ahora, los privilegiados son los grandes grupos, los especuladores, los evasores y fugadores de divisas, que no generan ning\u00fan beneficio para el pueblo\u201d, remarc\u00f3 el ex intendente de la ciudad de Las Parejas.<br \/>\nMansilla tambi\u00e9n enfatiz\u00f3 que \u201cla abrumadora mayor\u00eda de los argentinos sufre y por eso rechaza este cambio, que no es m\u00e1s que la vuelta a lo viejo del neoliberalismo y que no tiene nada que ver con lo que Macri prometi\u00f3 en campa\u00f1a, cuando afirmaba que no iba a haber devaluaci\u00f3n brusca, que no iba a haber tarifazos, que no iba a haber despidos, que iba a haber pobreza cero\u201d.<\/p>\n","protected":false},"excerpt":{"rendered":"<p>\u201cNo podemos naturalizar que miles de familias se queden sin sustento\u201d \u201cPor un lado est\u00e1n los discursos oficiales y muy lejos lo que realmente est\u00e1 pasando, como este brutal aumento de la desocupaci\u00f3n, consecuencia de la vuelta al ajuste neoliberal que impulsan Mauricio Macri y su gobierno\u201d, dijo el diputado del Mercosur Diego Mansilla, consultado <a href=\"https:\/\/armstrongyregion.com.ar\/diario\/clerici-acompano-a-la-ministra-balague-en-el-foro-regional-de-participacion-ciudadana\/\" title=\"Read more\" >&#8230;<\/a><\/p>\n","protected":false},"author":2,"featured_media":9347,"comment_status":"open","ping_status":"open","sticky":false,"template":"","format":"standard","meta":{"_jetpack_memberships_contains_paid_content":false,"footnotes":"","jetpack_publicize_message":"","jetpack_publicize_feature_enabled":true,"jetpack_social_post_already_shared":false,"jetpack_social_options":{"image_generator_settings":{"template":"highway","default_image_id":0,"enabled":false},"version":2}},"categories":[6,1,7,3],"tags":[33,1976,3537,83,31,3478],"class_list":["post-9346","post","type-post","status-publish","format-standard","has-post-thumbnail","hentry","category-cultura-entretenimiento","category-diario-armstrong","category-politica","category-region","tag-a","tag-acompano","tag-balague","tag-clerici","tag-la","tag-ministra"],"jetpack_publicize_connections":[],"jetpack_featured_media_url":"https:\/\/armstrongyregion.com.ar\/diario\/wp-content\/uploads\/2016\/08\/clerici-2-.jpg","jetpack_shortlink":"https:\/\/wp.me\/p62QDO-2qK","jetpack_sharing_enabled":true,"amp_enabled":true,"_links":{"self":[{"href":"https:\/\/armstrongyregion.com.ar\/diario\/wp-json\/wp\/v2\/posts\/9346","targetHints":{"allow":["GET"]}}],"collection":[{"href":"https:\/\/armstrongyregion.com.ar\/diario\/wp-json\/wp\/v2\/posts"}],"about":[{"href":"https:\/\/armstrongyregion.com.ar\/diario\/wp-json\/wp\/v2\/types\/post"}],"author":[{"embeddable":true,"href":"https:\/\/armstrongyregion.com.ar\/diario\/wp-json\/wp\/v2\/users\/2"}],"replies":[{"embeddable":true,"href":"https:\/\/armstrongyregion.com.ar\/diario\/wp-json\/wp\/v2\/comments?post=9346"}],"version-history":[{"count":0,"href":"https:\/\/armstrongyregion.com.ar\/diario\/wp-json\/wp\/v2\/posts\/9346\/revisions"}],"wp:featuredmedia":[{"embeddable":true,"href":"https:\/\/armstrongyregion.com.ar\/diario\/wp-json\/wp\/v2\/media\/9347"}],"wp:attachment":[{"href":"https:\/\/armstrongyregion.com.ar\/diario\/wp-json\/wp\/v2\/media?parent=9346"}],"wp:term":[{"taxonomy":"category","embeddable":true,"href":"https:\/\/armstrongyregion.com.ar\/diario\/wp-json\/wp\/v2\/categories?post=9346"},{"taxonomy":"post_tag","embeddable":true,"href":"https:\/\/armstrongyregion.com.ar\/diario\/wp-json\/wp\/v2\/tags?post=9346"}],"curies":[{"name":"wp","href":"https:\/\/api.w.org\/{rel}","templated":true}]}}