{"id":9329,"date":"2016-08-26T20:34:29","date_gmt":"2016-08-26T20:34:29","guid":{"rendered":"https:\/\/armstrongyregion.com.ar\/diario\/?p=9329"},"modified":"2016-08-26T20:34:29","modified_gmt":"2016-08-26T20:34:29","slug":"presentacion-subsecretaria-de-politicas-de-diversidad-sexual","status":"publish","type":"post","link":"https:\/\/armstrongyregion.com.ar\/diario\/presentacion-subsecretaria-de-politicas-de-diversidad-sexual\/","title":{"rendered":"Presentaci\u00f3n Subsecretar\u00eda de Pol\u00edticas de Diversidad Sexual."},"content":{"rendered":"<p><a href=\"http:\/\/armstrongyregion.com.ar\/diario\/wp-content\/uploads\/2016\/08\/Salud-Genero-Diversidad-Sexual.jpg\"><img loading=\"lazy\" decoding=\"async\" src=\"http:\/\/armstrongyregion.com.ar\/diario\/wp-content\/uploads\/2016\/08\/Salud-Genero-Diversidad-Sexual.jpg\" alt=\"Salud-Genero-Diversidad-Sexual\" width=\"800\" height=\"555\" class=\"alignnone size-full wp-image-9330\" srcset=\"https:\/\/armstrongyregion.com.ar\/diario\/wp-content\/uploads\/2016\/08\/Salud-Genero-Diversidad-Sexual.jpg 800w, https:\/\/armstrongyregion.com.ar\/diario\/wp-content\/uploads\/2016\/08\/Salud-Genero-Diversidad-Sexual-300x208.jpg 300w\" sizes=\"auto, (max-width: 800px) 100vw, 800px\" \/><\/a>La Municipalidad de Armstrong informa que el pr\u00f3ximo lunes 29 de agosto a las 18:30 hs. en el sal\u00f3n auditorio Delmo Dar\u00f3 se realizar\u00e1 una presentaci\u00f3n de la Subsecretar\u00eda de Pol\u00edticas de Diversidad Sexual del Ministerio de Desarrollo Social de la Provincia de Santa Fe.<br \/>\nEl evento, que estar\u00e1 a cargo del Lic. Esteban Paulon, es dirigido a instituciones de la ciudad con el objetivo de promover la igualdad y no discriminaci\u00f3n hacia lesbianas, gays, bisexuales, transexuales, travestis e intersex.<\/p>\n","protected":false},"excerpt":{"rendered":"<p>La Municipalidad de Armstrong informa que el pr\u00f3ximo lunes 29 de agosto a las 18:30 hs. en el sal\u00f3n auditorio Delmo Dar\u00f3 se realizar\u00e1 una presentaci\u00f3n de la Subsecretar\u00eda de Pol\u00edticas de Diversidad Sexual del Ministerio de Desarrollo Social de la Provincia de Santa Fe. El evento, que estar\u00e1 a cargo del Lic. Esteban Paulon, <a href=\"https:\/\/armstrongyregion.com.ar\/diario\/presentacion-subsecretaria-de-politicas-de-diversidad-sexual\/\" title=\"Read more\" >&#8230;<\/a><\/p>\n","protected":false},"author":2,"featured_media":9330,"comment_status":"open","ping_status":"open","sticky":false,"template":"","format":"standard","meta":{"_jetpack_memberships_contains_paid_content":false,"footnotes":"","jetpack_publicize_message":"","jetpack_publicize_feature_enabled":true,"jetpack_social_post_already_shared":false,"jetpack_social_options":{"image_generator_settings":{"template":"highway","default_image_id":0,"enabled":false},"version":2}},"categories":[1,2,4,3],"tags":[20,4330,1532],"class_list":["post-9329","post","type-post","status-publish","format-standard","has-post-thumbnail","hentry","category-diario-armstrong","category-locales","category-prevencion-salud","category-region","tag-armstrong","tag-diversidad","tag-sexual"],"jetpack_publicize_connections":[],"jetpack_featured_media_url":"https:\/\/armstrongyregion.com.ar\/diario\/wp-content\/uploads\/2016\/08\/Salud-Genero-Diversidad-Sexual.jpg","jetpack_shortlink":"https:\/\/wp.me\/p62QDO-2qt","jetpack_sharing_enabled":true,"amp_enabled":true,"_links":{"self":[{"href":"https:\/\/armstrongyregion.com.ar\/diario\/wp-json\/wp\/v2\/posts\/9329","targetHints":{"allow":["GET"]}}],"collection":[{"href":"https:\/\/armstrongyregion.com.ar\/diario\/wp-json\/wp\/v2\/posts"}],"about":[{"href":"https:\/\/armstrongyregion.com.ar\/diario\/wp-json\/wp\/v2\/types\/post"}],"author":[{"embeddable":true,"href":"https:\/\/armstrongyregion.com.ar\/diario\/wp-json\/wp\/v2\/users\/2"}],"replies":[{"embeddable":true,"href":"https:\/\/armstrongyregion.com.ar\/diario\/wp-json\/wp\/v2\/comments?post=9329"}],"version-history":[{"count":0,"href":"https:\/\/armstrongyregion.com.ar\/diario\/wp-json\/wp\/v2\/posts\/9329\/revisions"}],"wp:featuredmedia":[{"embeddable":true,"href":"https:\/\/armstrongyregion.com.ar\/diario\/wp-json\/wp\/v2\/media\/9330"}],"wp:attachment":[{"href":"https:\/\/armstrongyregion.com.ar\/diario\/wp-json\/wp\/v2\/media?parent=9329"}],"wp:term":[{"taxonomy":"category","embeddable":true,"href":"https:\/\/armstrongyregion.com.ar\/diario\/wp-json\/wp\/v2\/categories?post=9329"},{"taxonomy":"post_tag","embeddable":true,"href":"https:\/\/armstrongyregion.com.ar\/diario\/wp-json\/wp\/v2\/tags?post=9329"}],"curies":[{"name":"wp","href":"https:\/\/api.w.org\/{rel}","templated":true}]}}