{"id":9310,"date":"2016-08-26T12:14:05","date_gmt":"2016-08-26T12:14:05","guid":{"rendered":"https:\/\/armstrongyregion.com.ar\/diario\/?p=9310"},"modified":"2016-08-26T12:14:05","modified_gmt":"2016-08-26T12:14:05","slug":"rosario-impresionante-reclamo-de-seguridad-y-justicia","status":"publish","type":"post","link":"https:\/\/armstrongyregion.com.ar\/diario\/rosario-impresionante-reclamo-de-seguridad-y-justicia\/","title":{"rendered":"Rosario.  Impresionante reclamo de seguridad y justicia."},"content":{"rendered":"<p><a href=\"http:\/\/armstrongyregion.com.ar\/diario\/wp-content\/uploads\/2016\/08\/marchainseg.jpg_1572130063.jpg\"><img loading=\"lazy\" decoding=\"async\" src=\"http:\/\/armstrongyregion.com.ar\/diario\/wp-content\/uploads\/2016\/08\/marchainseg.jpg_1572130063.jpg\" alt=\"marchainseg.jpg_1572130063\" width=\"760\" height=\"428\" class=\"alignnone size-full wp-image-9311\" srcset=\"https:\/\/armstrongyregion.com.ar\/diario\/wp-content\/uploads\/2016\/08\/marchainseg.jpg_1572130063.jpg 760w, https:\/\/armstrongyregion.com.ar\/diario\/wp-content\/uploads\/2016\/08\/marchainseg.jpg_1572130063-300x169.jpg 300w\" sizes=\"auto, (max-width: 760px) 100vw, 760px\" \/><\/a>En una manifestaci\u00f3n popular sin precedentes, miles de personas se congregaron en Tribunales y marcharon luego hacia Gobernaci\u00f3n.<br \/>\nRosario sali\u00f3 masivamente a las calles este jueves a la noche en reclamo de seguridad y justicia, luego de un notorio repunte del delito en las \u00faltimas semanas, con episodios que se cobraron varias vidas no s\u00f3lo en casos de violencia por conflictos interpersonales, sino algunos en ocasi\u00f3n de robo. La principal movilizaci\u00f3n popular se congreg\u00f3 desde las 19.30 frente a los Tribunales provinciales y march\u00f3 luego hacia la sede local de la Gobernaci\u00f3n entre l\u00e1grimas, aplausos, velas y carteles alusivos a la problem\u00e1tica.<\/p>\n<p>A pocos metros, en Oro\u00f1o y Pellegrini, se dieron cita un rato antes los familiares, amigos y allegados de Nahuel Ciarrocca, el joven al que mataron por un celular el Dorrego y Amen\u00e1bar el pasado 15 de agosto. Algunos se unieron al resto de la marcha en una procesi\u00f3n por Moreno hacia la zona de Santa Fe y Dorrego. En simult\u00e1neo, se realiz\u00f3 otra concentraci\u00f3n en Rondeau y Mart\u00edn Fierro (zona norte), con las mismas demandas de los ciudadanos al Estado.<\/p>\n<p>La consigna general era llevar velas encendidas, permanecer en silencio \u2013tambi\u00e9n hab\u00eda aplausos\u2013 y de forma pac\u00edfica pedir a las autoridades que garanticen seguridad en el marco de un recrudecimiento de los homicidios en la ciudad. La convocatoria fue hecha desde las redes sociales por una organizaci\u00f3n denominada Rosario Sangra.<br \/>\nConcentraci\u00f3n y marcha<\/p>\n<p>En pocos minutos, una marea de gente se apost\u00f3 por Pellegrini y por Balcarce en medio de visibles muestras de congoja. Con pancartas y carteles, pero en recuerdo de las v\u00edctimas. La idea era evitar las bander\u00edas pol\u00edticas u otro tipo de manifestaci\u00f3n en ese sentido.<\/p>\n<p>Incluso antes de la hora prevista en la convocatoria, las escalinatas de Tribunales, calle Balcarce y la plaza de enfrente estuvieron colmadas por familiares de v\u00edctimas de hechos delicitivos y vecinos que llegaron de diferentes zonas de la ciudad para sumarse al reclamo colectivo.<\/p>\n<p>Un gran aplauso espont\u00e1neo que se multiplic\u00f3 y extendi\u00f3 por varios minutos, dio pie a la palabra de los familiares que pidieron marchar \u201cpac\u00edficamente\u201d.<\/p>\n<p>\u201cEstamos cansados de que este Palacio de Tribunales no nos de respuestas en materia de justicia\u201d, se escuch\u00f3 decir a los familiares antes de encabezar la marcha que parti\u00f3 a la sede local de Gobernaci\u00f3n.<\/p>\n<p>Un grupo de taxistas encabez\u00f3 la movilizaci\u00f3n hasta la plaza San Mart\u00edn, por calle Moreno. Los carteles con la imagen y el nombre de las v\u00edctimas de la inseguridad fueron las pancartas que se destacaron en la marcha y otros tantos se sumaron con velas y carteles pidiendo que no haya \u201cni un ciudadano menos\u201d.<\/p>\n<p>En el camino, automovilistas que se encontraban con la movilizaci\u00f3n sumaron sus bocinazos y tambi\u00e9n transe\u00fantes o vecinos que se asomaban de sus balcones apoyando la movilizaci\u00f3n con aplausos y gritos de aliento.<\/p>\n<p>Entre los vecinos que marcharon hubo gente de todas las edades y barrios de la ciudad: familias con sus hijos peque\u00f1os y grupos de amigos que manifestaron preocupaci\u00f3n por el crecimiento del delito en la ciudad.<\/p>\n<p>Algunos, incluso, que no hab\u00edan marchado nunca y esta vez encontraron un motivo para hacerlo. \u201cNunca fui a una marcha\u201d, le confes\u00f3 una joven a sus amigas en plena calle, camino a la plaza.<\/p>\n<p>El reclamo en la plaza<\/p>\n<p>La plaza San Mart\u00edn se colm\u00f3, como muestran las impactantes im\u00e1genes que capt\u00f3 Rosario3.com desde las alturas. Los primeros en arribar comentaron que todav\u00eda muchos estaban marchando, incluso partiendo desde la zona de Tribunales.<\/p>\n<p>All\u00ed, frente a la desde local del Gobierno de Santa Fe, el reclamo continu\u00f3 y varios familiares de v\u00edctimas tomaron la palabra en medio de una conmoci\u00f3n generalizada. \u201cSomos una ciudad de pie. Necesitamos que nos cuiden. A partir de hoy va a ser un antes y un despu\u00e9s\u201d, asegur\u00f3 Mart\u00edn, el hermano de Mauricio Brand\u00e1n.<\/p>\n<p>Entre las 20.30 y las 22 se escucharon testimonios expresados desde el dolor por la p\u00e9rdida de familiares o seres queridos; en reclamo de seguridad, de justicia y por la continuidad de la movilizaci\u00f3n popular para que nadie se desentienda de sus responsabilidades.<\/p>\n<p>\u00abUna disputa verbal entre poderes\u00bb<\/p>\n<p>Temprano, en di\u00e1logo con Radi\u00f3polis (Radio 2), Enrique Bertini, el pap\u00e1 de Mariano, el joven de 23 a\u00f1os asesinado en una entradera en 2014, manifest\u00f3: \u201cHan transcurrido dos a\u00f1os y no se ha solucionado mucho. A uno se le revuelven las tripas cuando escucha declaraciones, una disputa verbal entre poderes que nada tiene que ver con las soluciones que necesita la gente\u201d.<\/p>\n<p>\u201cQue marquen una agenda y que la sostengan en el tiempo\u201d, pidi\u00f3 el empresario en relaci\u00f3n a pol\u00edticas de seguridad. \u201cTienen que dar seguridad al pueblo, a las personas y la propiedad privada\u201d, agreg\u00f3 y consider\u00f3 que la problem\u00e1tica tiene de base a \u201cla corrupci\u00f3n y a la mafia, dos caras de la misma moneda\u201d, plante\u00f3.<\/p>\n<p>Consultado sobre su situaci\u00f3n particular, indic\u00f3: \u201cVoy a reclamar a la Justicia, no tenemos respuesta , deambulamos como fantasma cada vez m\u00e1s v\u00edctimas del sistema que tiene que dar otra respuesta\u201d. Sin embargo, advirti\u00f3 que el reclamo tambi\u00e9n es a los poderes Ejecutivo y Legislativo. \u201cReclamamos que cumplan con el poder social que se debe cumplir en democracia que es brindar seguridad a las personas y a la propiedad privada\u201d, termin\u00f3.<br \/>\nRosario3.com<\/p>\n","protected":false},"excerpt":{"rendered":"<p>En una manifestaci\u00f3n popular sin precedentes, miles de personas se congregaron en Tribunales y marcharon luego hacia Gobernaci\u00f3n. Rosario sali\u00f3 masivamente a las calles este jueves a la noche en reclamo de seguridad y justicia, luego de un notorio repunte del delito en las \u00faltimas semanas, con episodios que se cobraron varias vidas no s\u00f3lo <a href=\"https:\/\/armstrongyregion.com.ar\/diario\/rosario-impresionante-reclamo-de-seguridad-y-justicia\/\" title=\"Read more\" >&#8230;<\/a><\/p>\n","protected":false},"author":2,"featured_media":9311,"comment_status":"open","ping_status":"open","sticky":false,"template":"","format":"standard","meta":{"_jetpack_memberships_contains_paid_content":false,"footnotes":"","jetpack_publicize_message":"","jetpack_publicize_feature_enabled":true,"jetpack_social_post_already_shared":false,"jetpack_social_options":{"image_generator_settings":{"template":"highway","default_image_id":0,"enabled":false},"version":2}},"categories":[1,2,2852,7,3],"tags":[1161,3776,276,4326,784],"class_list":["post-9310","post","type-post","status-publish","format-standard","has-post-thumbnail","hentry","category-diario-armstrong","category-locales","category-policiales","category-politica","category-region","tag-contra","tag-inseguridad","tag-marcha","tag-multitudinaria","tag-rosario"],"jetpack_publicize_connections":[],"jetpack_featured_media_url":"https:\/\/armstrongyregion.com.ar\/diario\/wp-content\/uploads\/2016\/08\/marchainseg.jpg_1572130063.jpg","jetpack_shortlink":"https:\/\/wp.me\/p62QDO-2qa","jetpack_sharing_enabled":true,"amp_enabled":true,"_links":{"self":[{"href":"https:\/\/armstrongyregion.com.ar\/diario\/wp-json\/wp\/v2\/posts\/9310","targetHints":{"allow":["GET"]}}],"collection":[{"href":"https:\/\/armstrongyregion.com.ar\/diario\/wp-json\/wp\/v2\/posts"}],"about":[{"href":"https:\/\/armstrongyregion.com.ar\/diario\/wp-json\/wp\/v2\/types\/post"}],"author":[{"embeddable":true,"href":"https:\/\/armstrongyregion.com.ar\/diario\/wp-json\/wp\/v2\/users\/2"}],"replies":[{"embeddable":true,"href":"https:\/\/armstrongyregion.com.ar\/diario\/wp-json\/wp\/v2\/comments?post=9310"}],"version-history":[{"count":0,"href":"https:\/\/armstrongyregion.com.ar\/diario\/wp-json\/wp\/v2\/posts\/9310\/revisions"}],"wp:featuredmedia":[{"embeddable":true,"href":"https:\/\/armstrongyregion.com.ar\/diario\/wp-json\/wp\/v2\/media\/9311"}],"wp:attachment":[{"href":"https:\/\/armstrongyregion.com.ar\/diario\/wp-json\/wp\/v2\/media?parent=9310"}],"wp:term":[{"taxonomy":"category","embeddable":true,"href":"https:\/\/armstrongyregion.com.ar\/diario\/wp-json\/wp\/v2\/categories?post=9310"},{"taxonomy":"post_tag","embeddable":true,"href":"https:\/\/armstrongyregion.com.ar\/diario\/wp-json\/wp\/v2\/tags?post=9310"}],"curies":[{"name":"wp","href":"https:\/\/api.w.org\/{rel}","templated":true}]}}