{"id":931,"date":"2015-02-20T03:15:29","date_gmt":"2015-02-20T03:15:29","guid":{"rendered":"https:\/\/armstrongyregion.com.ar\/diario\/?p=931"},"modified":"2015-02-20T03:15:29","modified_gmt":"2015-02-20T03:15:29","slug":"que-la-comunidad-se-involucre-a-partir-de-la-poesia-dijo-stella-micelli","status":"publish","type":"post","link":"https:\/\/armstrongyregion.com.ar\/diario\/que-la-comunidad-se-involucre-a-partir-de-la-poesia-dijo-stella-micelli\/","title":{"rendered":"\u201cQue la comunidad se involucre a partir de la poes\u00eda\u201d, dijo Stella Micelli"},"content":{"rendered":"<p><a href=\"http:\/\/armstrongyregion.com.ar\/diario\/wp-content\/uploads\/2015\/02\/10991076_805478489532900_50645137924347479_n.jpg\"><img loading=\"lazy\" decoding=\"async\" class=\"alignnone size-medium wp-image-932\" src=\"http:\/\/armstrongyregion.com.ar\/diario\/wp-content\/uploads\/2015\/02\/10991076_805478489532900_50645137924347479_n-300x168.jpg\" alt=\"palabrascallejeras\" width=\"300\" height=\"168\" srcset=\"https:\/\/armstrongyregion.com.ar\/diario\/wp-content\/uploads\/2015\/02\/10991076_805478489532900_50645137924347479_n-300x168.jpg 300w, https:\/\/armstrongyregion.com.ar\/diario\/wp-content\/uploads\/2015\/02\/10991076_805478489532900_50645137924347479_n.jpg 768w\" sizes=\"auto, (max-width: 300px) 100vw, 300px\" \/><\/a>Stella Micelli, dio a conocer la actividad que desarrollar\u00e1 hoy viernes a las 21hs en la plaza P\u00e9rez Esquivel de nuestra ciudad.<br \/>\n\u201cA partir de las 21, despu\u00e9s de la clase de bachata, se va a comenzar con el cierre de lo que fue un muestra itinerante donde ya la gente ha participado en el taller literario de la biblioteca, y va a terminar en una lectura de poemas\u201d.<br \/>\nMicelli agreg\u00f3 que: \u201cLos poemas que se van a leer no incluye a los que fueron expuestos, la din\u00e1mica va a ser diferente, porque se va a leer no a exponer como en oportunidades anteriores\u201d.<br \/>\nAdem\u00e1s realiz\u00f3 una invitaci\u00f3n al decir: \u201cConvocamos a todos los que escriban a participar libremente ya que estamos armando algo que es novedoso para la comunidad, que es llevar la poes\u00eda a la calle y en esta instancia de leer el texto y que la gente aprenda a escuchar, porque tambi\u00e9n en esto hay un aprendizaje, estamos comenzando a transitar un camino\u201d.<br \/>\nStella Micelli, habl\u00f3 de las ediciones anteriores de \u201cPalabras Callejeras\u201d, la consulta fue si quienes no hab\u00edan participado pod\u00edan hacerlo en esta oportunidad: \u201cLa idea es abrir el taller y que sea un espect\u00e1culo de la comunidad, que se involucre en esta ocasi\u00f3n a partir de la poes\u00eda.\u201d<\/p>\n","protected":false},"excerpt":{"rendered":"<p>Stella Micelli, dio a conocer la actividad que desarrollar\u00e1 hoy viernes a las 21hs en la plaza P\u00e9rez Esquivel de nuestra ciudad. \u201cA partir de las 21, despu\u00e9s de la clase de bachata, se va a comenzar con el cierre de lo que fue un muestra itinerante donde ya la gente ha participado en el <a href=\"https:\/\/armstrongyregion.com.ar\/diario\/que-la-comunidad-se-involucre-a-partir-de-la-poesia-dijo-stella-micelli\/\" title=\"Read more\" >&#8230;<\/a><\/p>\n","protected":false},"author":2,"featured_media":932,"comment_status":"open","ping_status":"open","sticky":false,"template":"","format":"standard","meta":{"_jetpack_memberships_contains_paid_content":false,"footnotes":"","jetpack_publicize_message":"","jetpack_publicize_feature_enabled":true,"jetpack_social_post_already_shared":false,"jetpack_social_options":{"image_generator_settings":{"template":"highway","default_image_id":0,"enabled":false},"version":2}},"categories":[6,1,2],"tags":[888,652,281,820,280],"class_list":["post-931","post","type-post","status-publish","format-standard","has-post-thumbnail","hentry","category-cultura-entretenimiento","category-diario-armstrong","category-locales","tag-que-la-comunidad-se-involucre-a-partir-de-la","tag-dijo","tag-micelli","tag-poesia","tag-stella"],"jetpack_publicize_connections":[],"jetpack_featured_media_url":"https:\/\/armstrongyregion.com.ar\/diario\/wp-content\/uploads\/2015\/02\/10991076_805478489532900_50645137924347479_n.jpg","jetpack_shortlink":"https:\/\/wp.me\/p62QDO-f1","jetpack_sharing_enabled":true,"amp_enabled":true,"_links":{"self":[{"href":"https:\/\/armstrongyregion.com.ar\/diario\/wp-json\/wp\/v2\/posts\/931","targetHints":{"allow":["GET"]}}],"collection":[{"href":"https:\/\/armstrongyregion.com.ar\/diario\/wp-json\/wp\/v2\/posts"}],"about":[{"href":"https:\/\/armstrongyregion.com.ar\/diario\/wp-json\/wp\/v2\/types\/post"}],"author":[{"embeddable":true,"href":"https:\/\/armstrongyregion.com.ar\/diario\/wp-json\/wp\/v2\/users\/2"}],"replies":[{"embeddable":true,"href":"https:\/\/armstrongyregion.com.ar\/diario\/wp-json\/wp\/v2\/comments?post=931"}],"version-history":[{"count":0,"href":"https:\/\/armstrongyregion.com.ar\/diario\/wp-json\/wp\/v2\/posts\/931\/revisions"}],"wp:featuredmedia":[{"embeddable":true,"href":"https:\/\/armstrongyregion.com.ar\/diario\/wp-json\/wp\/v2\/media\/932"}],"wp:attachment":[{"href":"https:\/\/armstrongyregion.com.ar\/diario\/wp-json\/wp\/v2\/media?parent=931"}],"wp:term":[{"taxonomy":"category","embeddable":true,"href":"https:\/\/armstrongyregion.com.ar\/diario\/wp-json\/wp\/v2\/categories?post=931"},{"taxonomy":"post_tag","embeddable":true,"href":"https:\/\/armstrongyregion.com.ar\/diario\/wp-json\/wp\/v2\/tags?post=931"}],"curies":[{"name":"wp","href":"https:\/\/api.w.org\/{rel}","templated":true}]}}