{"id":9295,"date":"2016-08-24T23:58:58","date_gmt":"2016-08-24T23:58:58","guid":{"rendered":"https:\/\/armstrongyregion.com.ar\/diario\/?p=9295"},"modified":"2016-08-24T23:58:58","modified_gmt":"2016-08-24T23:58:58","slug":"gramigna-que-el-oficialismo-no-cuente-conmigo-para-hacer-politica-partidaria-dentro-del-concejo","status":"publish","type":"post","link":"https:\/\/armstrongyregion.com.ar\/diario\/gramigna-que-el-oficialismo-no-cuente-conmigo-para-hacer-politica-partidaria-dentro-del-concejo\/","title":{"rendered":"Gramigna: \u00abQue el oficialismo no cuente conmigo para hacer pol\u00edtica partidaria dentro del Concejo\u00bb"},"content":{"rendered":"<p><a href=\"http:\/\/armstrongyregion.com.ar\/diario\/wp-content\/uploads\/2016\/08\/Concejal-Gramigna-1.jpg\"><img loading=\"lazy\" decoding=\"async\" src=\"http:\/\/armstrongyregion.com.ar\/diario\/wp-content\/uploads\/2016\/08\/Concejal-Gramigna-1.jpg\" alt=\"Concejal-Gramigna-\" width=\"768\" height=\"519\" class=\"alignnone size-full wp-image-9296\" srcset=\"https:\/\/armstrongyregion.com.ar\/diario\/wp-content\/uploads\/2016\/08\/Concejal-Gramigna-1.jpg 768w, https:\/\/armstrongyregion.com.ar\/diario\/wp-content\/uploads\/2016\/08\/Concejal-Gramigna-1-300x203.jpg 300w\" sizes=\"auto, (max-width: 768px) 100vw, 768px\" \/><\/a>As\u00ed manifest\u00f3 el Concejal sobre la resoluci\u00f3n del bloque Radical sobre la visita de ni\u00f1os a la unidad b\u00e1sica de la ciudad.<br \/>\n\u00abMe abstuve de votar porque yo quiero levantar la mano para votar obras, pedir informes o tratar temas realmente importantes de nuestra ciudad, no para dirimir una cuesti\u00f3n que el oficialismo podr\u00eda haberlo hecho con un comunicado y no metiendo al Concejo en algo que es partidario\u00bb<br \/>\nEl concejal agreg\u00f3: \u00abNosotros hoy presentamos una ordenanza que establece que el Secretario de Gobiero o Jefe de Gabinete asista al concejo en forma bimestral a dar cuenta de c\u00f3mo marcha el gobierno, una ordenanza que va a quedar para la posteridad, que va m\u00e1s all\u00e1 del partido que gobierne y no se le dio importancia\u00bb<br \/>\nSiguiendo la misma linea de discurso dijo, \u00abCreo que el Concejo tiene cosas mucho m\u00e1s importantes y situaciones mucho m\u00e1s complicadas que resolver antes que prestar el debate sobre si chicos fueron o no a ver como hac\u00edan pan en un local partidario\u00bb<br \/>\nEl Proyecto del Concejal Gramigna pas\u00f3 a comisi\u00f3n siendo su intenci\u00f3n que sea tratado y puesto en marcha lo antes posible.<\/p>\n","protected":false},"excerpt":{"rendered":"<p>As\u00ed manifest\u00f3 el Concejal sobre la resoluci\u00f3n del bloque Radical sobre la visita de ni\u00f1os a la unidad b\u00e1sica de la ciudad. \u00abMe abstuve de votar porque yo quiero levantar la mano para votar obras, pedir informes o tratar temas realmente importantes de nuestra ciudad, no para dirimir una cuesti\u00f3n que el oficialismo podr\u00eda haberlo <a href=\"https:\/\/armstrongyregion.com.ar\/diario\/gramigna-que-el-oficialismo-no-cuente-conmigo-para-hacer-politica-partidaria-dentro-del-concejo\/\" title=\"Read more\" >&#8230;<\/a><\/p>\n","protected":false},"author":2,"featured_media":9296,"comment_status":"open","ping_status":"open","sticky":false,"template":"","format":"standard","meta":{"_jetpack_memberships_contains_paid_content":false,"footnotes":"","jetpack_publicize_message":"","jetpack_publicize_feature_enabled":true,"jetpack_social_post_already_shared":false,"jetpack_social_options":{"image_generator_settings":{"template":"highway","default_image_id":0,"enabled":false},"version":2}},"categories":[8,1,2,7],"tags":[2592,4319,16,979,1823,96,3609,81,4320,1491,108],"class_list":["post-9295","post","type-post","status-publish","format-standard","has-post-thumbnail","hentry","category-deliberando","category-diario-armstrong","category-locales","category-politica","tag-conmigo","tag-cuente","tag-el","tag-gramigna","tag-hacer","tag-no","tag-oficialismo","tag-para","tag-partidaria","tag-politica-2","tag-que"],"jetpack_publicize_connections":[],"jetpack_featured_media_url":"https:\/\/armstrongyregion.com.ar\/diario\/wp-content\/uploads\/2016\/08\/Concejal-Gramigna-1.jpg","jetpack_shortlink":"https:\/\/wp.me\/p62QDO-2pV","jetpack_sharing_enabled":true,"amp_enabled":true,"_links":{"self":[{"href":"https:\/\/armstrongyregion.com.ar\/diario\/wp-json\/wp\/v2\/posts\/9295","targetHints":{"allow":["GET"]}}],"collection":[{"href":"https:\/\/armstrongyregion.com.ar\/diario\/wp-json\/wp\/v2\/posts"}],"about":[{"href":"https:\/\/armstrongyregion.com.ar\/diario\/wp-json\/wp\/v2\/types\/post"}],"author":[{"embeddable":true,"href":"https:\/\/armstrongyregion.com.ar\/diario\/wp-json\/wp\/v2\/users\/2"}],"replies":[{"embeddable":true,"href":"https:\/\/armstrongyregion.com.ar\/diario\/wp-json\/wp\/v2\/comments?post=9295"}],"version-history":[{"count":0,"href":"https:\/\/armstrongyregion.com.ar\/diario\/wp-json\/wp\/v2\/posts\/9295\/revisions"}],"wp:featuredmedia":[{"embeddable":true,"href":"https:\/\/armstrongyregion.com.ar\/diario\/wp-json\/wp\/v2\/media\/9296"}],"wp:attachment":[{"href":"https:\/\/armstrongyregion.com.ar\/diario\/wp-json\/wp\/v2\/media?parent=9295"}],"wp:term":[{"taxonomy":"category","embeddable":true,"href":"https:\/\/armstrongyregion.com.ar\/diario\/wp-json\/wp\/v2\/categories?post=9295"},{"taxonomy":"post_tag","embeddable":true,"href":"https:\/\/armstrongyregion.com.ar\/diario\/wp-json\/wp\/v2\/tags?post=9295"}],"curies":[{"name":"wp","href":"https:\/\/api.w.org\/{rel}","templated":true}]}}