{"id":9289,"date":"2016-08-24T23:52:09","date_gmt":"2016-08-24T23:52:09","guid":{"rendered":"https:\/\/armstrongyregion.com.ar\/diario\/?p=9289"},"modified":"2016-08-24T23:52:09","modified_gmt":"2016-08-24T23:52:09","slug":"daniela-perez-estas-practicas-deben-ser-altamente-repudiables","status":"publish","type":"post","link":"https:\/\/armstrongyregion.com.ar\/diario\/daniela-perez-estas-practicas-deben-ser-altamente-repudiables\/","title":{"rendered":"Daniela P\u00e9rez: \u201cEstas pr\u00e1cticas deben ser altamente repudiables\u201d."},"content":{"rendered":"<p><a href=\"http:\/\/armstrongyregion.com.ar\/diario\/wp-content\/uploads\/2016\/08\/daniela-perez-.jpg\"><img loading=\"lazy\" decoding=\"async\" src=\"http:\/\/armstrongyregion.com.ar\/diario\/wp-content\/uploads\/2016\/08\/daniela-perez-.jpg\" alt=\"daniela-perez-\" width=\"768\" height=\"512\" class=\"alignnone size-full wp-image-9290\" srcset=\"https:\/\/armstrongyregion.com.ar\/diario\/wp-content\/uploads\/2016\/08\/daniela-perez-.jpg 768w, https:\/\/armstrongyregion.com.ar\/diario\/wp-content\/uploads\/2016\/08\/daniela-perez--300x200.jpg 300w\" sizes=\"auto, (max-width: 768px) 100vw, 768px\" \/><\/a>Finalizada la sesi\u00f3n del ultimo martes fue consultada la concejal Daniela P\u00e9rez  sobre su proyecto de resoluci\u00f3n, \u201cHemos presentado desde el bloque junto a Beatriz Di Paolo y Adrian Marozzi una resoluci\u00f3n que genero discusi\u00f3n en el recinto parec\u00eda que alg\u00fan concejal no quer\u00eda que se exponga el tema en p\u00fablico pero a nosotros nos parece que hay que hablar del tema sino estamos siendo c\u00f3mplices de algunos partidos pol\u00edticos, el proyecto habla sobre un hecho que aconteci\u00f3 la semana pasada donde chicos de un jard\u00edn de infantes de nuestra ciudad visitaron a la unidad b\u00e1sica para un taller de panificaci\u00f3n ellos est\u00e1n dando alimentaci\u00f3n en la escuela, hemos visto un video donde est\u00e1n los ni\u00f1os con guardapolvo en la b\u00e1sica\u201d.<br \/>\nP\u00e9rez continu\u00f3, \u201cDesde nuestro bloque creemos que estas pr\u00e1cticas deben ser altamente repudiables, preservando a las entidades educativas y que las mismas no sean utilizadas con fines proselitistas y del mismo modo a los alumnos\u201d.<br \/>\nLa prensa le consulto a la concejal sino consideraba de la misma manera alguna actividad que hizo ella junto al concejal Adri\u00e1n Marozzi por all\u00e1 por el mes de marzo o abril entregando pecheras a los ni\u00f1os del Club Barraca y fotografi\u00e1ndose subiendo el material a las redes sociales y en algunos casos sin autorizaci\u00f3n de los padres, Daniela P\u00e9rez expres\u00f3, hay dos cuestiones diferentes nosotros fuimos institucionalmente como concejales y ac\u00e1 estamos hablando de una unidad b\u00e1sica, estamos hablando de un partido pol\u00edtico donde desconocemos si los padres estaban al tanto o no\u201d.<\/p>\n","protected":false},"excerpt":{"rendered":"<p>Finalizada la sesi\u00f3n del ultimo martes fue consultada la concejal Daniela P\u00e9rez sobre su proyecto de resoluci\u00f3n, \u201cHemos presentado desde el bloque junto a Beatriz Di Paolo y Adrian Marozzi una resoluci\u00f3n que genero discusi\u00f3n en el recinto parec\u00eda que alg\u00fan concejal no quer\u00eda que se exponga el tema en p\u00fablico pero a nosotros nos <a href=\"https:\/\/armstrongyregion.com.ar\/diario\/daniela-perez-estas-practicas-deben-ser-altamente-repudiables\/\" title=\"Read more\" >&#8230;<\/a><\/p>\n","protected":false},"author":2,"featured_media":9290,"comment_status":"open","ping_status":"open","sticky":false,"template":"","format":"standard","meta":{"_jetpack_memberships_contains_paid_content":false,"footnotes":"","jetpack_publicize_message":"","jetpack_publicize_feature_enabled":true,"jetpack_social_post_already_shared":false,"jetpack_social_options":{"image_generator_settings":{"template":"highway","default_image_id":0,"enabled":false},"version":2}},"categories":[1,2,7],"tags":[4314,1794,1820,137,736,1277,4315,1106],"class_list":["post-9289","post","type-post","status-publish","format-standard","has-post-thumbnail","hentry","category-diario-armstrong","category-locales","category-politica","tag-altamente","tag-daniela","tag-deben","tag-estas","tag-perez","tag-practicas","tag-recomendables","tag-ser"],"jetpack_publicize_connections":[],"jetpack_featured_media_url":"https:\/\/armstrongyregion.com.ar\/diario\/wp-content\/uploads\/2016\/08\/daniela-perez-.jpg","jetpack_shortlink":"https:\/\/wp.me\/p62QDO-2pP","jetpack_sharing_enabled":true,"amp_enabled":true,"_links":{"self":[{"href":"https:\/\/armstrongyregion.com.ar\/diario\/wp-json\/wp\/v2\/posts\/9289","targetHints":{"allow":["GET"]}}],"collection":[{"href":"https:\/\/armstrongyregion.com.ar\/diario\/wp-json\/wp\/v2\/posts"}],"about":[{"href":"https:\/\/armstrongyregion.com.ar\/diario\/wp-json\/wp\/v2\/types\/post"}],"author":[{"embeddable":true,"href":"https:\/\/armstrongyregion.com.ar\/diario\/wp-json\/wp\/v2\/users\/2"}],"replies":[{"embeddable":true,"href":"https:\/\/armstrongyregion.com.ar\/diario\/wp-json\/wp\/v2\/comments?post=9289"}],"version-history":[{"count":0,"href":"https:\/\/armstrongyregion.com.ar\/diario\/wp-json\/wp\/v2\/posts\/9289\/revisions"}],"wp:featuredmedia":[{"embeddable":true,"href":"https:\/\/armstrongyregion.com.ar\/diario\/wp-json\/wp\/v2\/media\/9290"}],"wp:attachment":[{"href":"https:\/\/armstrongyregion.com.ar\/diario\/wp-json\/wp\/v2\/media?parent=9289"}],"wp:term":[{"taxonomy":"category","embeddable":true,"href":"https:\/\/armstrongyregion.com.ar\/diario\/wp-json\/wp\/v2\/categories?post=9289"},{"taxonomy":"post_tag","embeddable":true,"href":"https:\/\/armstrongyregion.com.ar\/diario\/wp-json\/wp\/v2\/tags?post=9289"}],"curies":[{"name":"wp","href":"https:\/\/api.w.org\/{rel}","templated":true}]}}