{"id":924,"date":"2015-02-19T16:54:09","date_gmt":"2015-02-19T16:54:09","guid":{"rendered":"https:\/\/armstrongyregion.com.ar\/diario\/?p=924"},"modified":"2015-02-19T16:54:09","modified_gmt":"2015-02-19T16:54:09","slug":"canada-de-gomez-33-denuncias-en-el-buzon-de-la-vida","status":"publish","type":"post","link":"https:\/\/armstrongyregion.com.ar\/diario\/canada-de-gomez-33-denuncias-en-el-buzon-de-la-vida\/","title":{"rendered":"Ca\u00f1ada de G\u00f3mez. 33 denuncias en el buz\u00f3n de la vida."},"content":{"rendered":"<p><a href=\"http:\/\/armstrongyregion.com.ar\/diario\/wp-content\/uploads\/2015\/02\/BUZON.jpg\"><img loading=\"lazy\" decoding=\"async\" class=\"alignnone size-medium wp-image-925\" src=\"http:\/\/armstrongyregion.com.ar\/diario\/wp-content\/uploads\/2015\/02\/BUZON-300x200.jpg\" alt=\"BUZON\" width=\"300\" height=\"200\" srcset=\"https:\/\/armstrongyregion.com.ar\/diario\/wp-content\/uploads\/2015\/02\/BUZON-300x200.jpg 300w, https:\/\/armstrongyregion.com.ar\/diario\/wp-content\/uploads\/2015\/02\/BUZON.jpg 750w\" sizes=\"auto, (max-width: 300px) 100vw, 300px\" \/><\/a>La secretaria de Gobierno Carina Mozzoni, junto a representantes de vecinales e instituciones, realiz\u00f3 una nueva apertura de esta<br \/>\nherramienta que fomenta la participaci\u00f3n ciudadana.<br \/>\nEn la ma\u00f1ana de ayer se realiz\u00f3 una nueva apertura del Buz\u00f3n de la Vida en las instalaciones del Cuartel de Bomberos. El acto fue encabezado por<br \/>\nla secretaria de Gobierno Carina Mozzoni, junto representantes de instituciones y vecinales.<br \/>\nEn esta oportunidad se encontraron treinta tres denuncias que ser\u00e1n<br \/>\nremitidas a la Justicia Federal. \u201cEsto demuestra que la ciudadan\u00eda sigue<br \/>\nconfiando en esta herramienta de denuncia an\u00f3nima impulsada desde el<br \/>\nConsejo de Seguridad\u201d, expres\u00f3 Mozzoni. El pr\u00f3ximo acto de apertura se<br \/>\nrealizar\u00e1 el lunes 16 de marzo.<\/p>\n","protected":false},"excerpt":{"rendered":"<p>La secretaria de Gobierno Carina Mozzoni, junto a representantes de vecinales e instituciones, realiz\u00f3 una nueva apertura de esta herramienta que fomenta la participaci\u00f3n ciudadana. En la ma\u00f1ana de ayer se realiz\u00f3 una nueva apertura del Buz\u00f3n de la Vida en las instalaciones del Cuartel de Bomberos. El acto fue encabezado por la secretaria de <a href=\"https:\/\/armstrongyregion.com.ar\/diario\/canada-de-gomez-33-denuncias-en-el-buzon-de-la-vida\/\" title=\"Read more\" >&#8230;<\/a><\/p>\n","protected":false},"author":2,"featured_media":925,"comment_status":"open","ping_status":"open","sticky":false,"template":"","format":"standard","meta":{"_jetpack_memberships_contains_paid_content":false,"footnotes":"","jetpack_publicize_message":"","jetpack_publicize_feature_enabled":true,"jetpack_social_post_already_shared":false,"jetpack_social_options":{"image_generator_settings":{"template":"highway","default_image_id":0,"enabled":false},"version":2}},"categories":[1,3],"tags":[884,455,163,19,454,16,15,164,31,456],"class_list":["post-924","post","type-post","status-publish","format-standard","has-post-thumbnail","hentry","category-diario-armstrong","category-region","tag-884","tag-buzon","tag-canada","tag-de","tag-denuncias","tag-el","tag-en","tag-gomez","tag-la","tag-vida"],"jetpack_publicize_connections":[],"jetpack_featured_media_url":"https:\/\/armstrongyregion.com.ar\/diario\/wp-content\/uploads\/2015\/02\/BUZON.jpg","jetpack_shortlink":"https:\/\/wp.me\/p62QDO-eU","jetpack_sharing_enabled":true,"amp_enabled":true,"_links":{"self":[{"href":"https:\/\/armstrongyregion.com.ar\/diario\/wp-json\/wp\/v2\/posts\/924","targetHints":{"allow":["GET"]}}],"collection":[{"href":"https:\/\/armstrongyregion.com.ar\/diario\/wp-json\/wp\/v2\/posts"}],"about":[{"href":"https:\/\/armstrongyregion.com.ar\/diario\/wp-json\/wp\/v2\/types\/post"}],"author":[{"embeddable":true,"href":"https:\/\/armstrongyregion.com.ar\/diario\/wp-json\/wp\/v2\/users\/2"}],"replies":[{"embeddable":true,"href":"https:\/\/armstrongyregion.com.ar\/diario\/wp-json\/wp\/v2\/comments?post=924"}],"version-history":[{"count":0,"href":"https:\/\/armstrongyregion.com.ar\/diario\/wp-json\/wp\/v2\/posts\/924\/revisions"}],"wp:featuredmedia":[{"embeddable":true,"href":"https:\/\/armstrongyregion.com.ar\/diario\/wp-json\/wp\/v2\/media\/925"}],"wp:attachment":[{"href":"https:\/\/armstrongyregion.com.ar\/diario\/wp-json\/wp\/v2\/media?parent=924"}],"wp:term":[{"taxonomy":"category","embeddable":true,"href":"https:\/\/armstrongyregion.com.ar\/diario\/wp-json\/wp\/v2\/categories?post=924"},{"taxonomy":"post_tag","embeddable":true,"href":"https:\/\/armstrongyregion.com.ar\/diario\/wp-json\/wp\/v2\/tags?post=924"}],"curies":[{"name":"wp","href":"https:\/\/api.w.org\/{rel}","templated":true}]}}