{"id":9225,"date":"2016-08-20T17:02:47","date_gmt":"2016-08-20T17:02:47","guid":{"rendered":"https:\/\/armstrongyregion.com.ar\/diario\/?p=9225"},"modified":"2016-08-20T17:05:44","modified_gmt":"2016-08-20T17:05:44","slug":"armstrong-robaron-una-rueda-de-una-camioneta-estacionada","status":"publish","type":"post","link":"https:\/\/armstrongyregion.com.ar\/diario\/armstrong-robaron-una-rueda-de-una-camioneta-estacionada\/","title":{"rendered":"Armstrong. Robaron una rueda de camioneta estacionada."},"content":{"rendered":"<p><a href=\"http:\/\/armstrongyregion.com.ar\/diario\/wp-content\/uploads\/2016\/08\/saveiro2-.jpg\"><img loading=\"lazy\" decoding=\"async\" src=\"http:\/\/armstrongyregion.com.ar\/diario\/wp-content\/uploads\/2016\/08\/saveiro2-.jpg\" alt=\"saveiro2-\" width=\"960\" height=\"720\" class=\"alignnone size-full wp-image-9226\" srcset=\"https:\/\/armstrongyregion.com.ar\/diario\/wp-content\/uploads\/2016\/08\/saveiro2-.jpg 960w, https:\/\/armstrongyregion.com.ar\/diario\/wp-content\/uploads\/2016\/08\/saveiro2--300x225.jpg 300w\" sizes=\"auto, (max-width: 960px) 100vw, 960px\" \/><\/a>El ins\u00f3lito hecho delictivo sucedi\u00f3 esta madrugada en Pedro Ferrero 2024, donde estaba estacionada la camioneta Volkwagen Saveiro, color blanca y a la cual le robaron la rueda trasera derecha, gomas marca Pirelli, dejando tacos de madera en el lugar. (Ver Foto). El propietario del veh\u00edculo, Bruno Marchetti nos dijo, \u201cllegue tipo 1,30hs y me puse a ver una pel\u00edcula, al rato llega mi madre y me pregunta, que paso con la goma?<a href=\"http:\/\/armstrongyregion.com.ar\/diario\/wp-content\/uploads\/2016\/08\/saveiro1-.jpg\"><img loading=\"lazy\" decoding=\"async\" src=\"http:\/\/armstrongyregion.com.ar\/diario\/wp-content\/uploads\/2016\/08\/saveiro1-.jpg\" alt=\"saveiro1-\" width=\"768\" height=\"546\" class=\"alignnone size-full wp-image-9227\" srcset=\"https:\/\/armstrongyregion.com.ar\/diario\/wp-content\/uploads\/2016\/08\/saveiro1-.jpg 768w, https:\/\/armstrongyregion.com.ar\/diario\/wp-content\/uploads\/2016\/08\/saveiro1--300x213.jpg 300w\" sizes=\"auto, (max-width: 768px) 100vw, 768px\" \/><\/a> Entonces salgo y me doy cuenta que se hab\u00edan llevado la rueda. Seg\u00fan se pudo establecer, se habr\u00edan producido otros robos similares en Las Parejas y en Las Rosas.<\/p>\n","protected":false},"excerpt":{"rendered":"<p>El ins\u00f3lito hecho delictivo sucedi\u00f3 esta madrugada en Pedro Ferrero 2024, donde estaba estacionada la camioneta Volkwagen Saveiro, color blanca y a la cual le robaron la rueda trasera derecha, gomas marca Pirelli, dejando tacos de madera en el lugar. (Ver Foto). El propietario del veh\u00edculo, Bruno Marchetti nos dijo, \u201cllegue tipo 1,30hs y me <a href=\"https:\/\/armstrongyregion.com.ar\/diario\/armstrong-robaron-una-rueda-de-una-camioneta-estacionada\/\" title=\"Read more\" >&#8230;<\/a><\/p>\n","protected":false},"author":2,"featured_media":9226,"comment_status":"open","ping_status":"open","sticky":false,"template":"","format":"standard","meta":{"_jetpack_memberships_contains_paid_content":false,"footnotes":"","jetpack_publicize_message":"","jetpack_publicize_feature_enabled":true,"jetpack_social_post_already_shared":false,"jetpack_social_options":{"image_generator_settings":{"template":"highway","default_image_id":0,"enabled":false},"version":2}},"categories":[1,2,2852],"tags":[20,2291,19,4306,632,396],"class_list":["post-9225","post","type-post","status-publish","format-standard","has-post-thumbnail","hentry","category-diario-armstrong","category-locales","category-policiales","tag-armstrong","tag-camioneta","tag-de","tag-estacionada","tag-robaron","tag-rueda"],"jetpack_publicize_connections":[],"jetpack_featured_media_url":"https:\/\/armstrongyregion.com.ar\/diario\/wp-content\/uploads\/2016\/08\/saveiro2-.jpg","jetpack_shortlink":"https:\/\/wp.me\/p62QDO-2oN","jetpack_sharing_enabled":true,"amp_enabled":true,"_links":{"self":[{"href":"https:\/\/armstrongyregion.com.ar\/diario\/wp-json\/wp\/v2\/posts\/9225","targetHints":{"allow":["GET"]}}],"collection":[{"href":"https:\/\/armstrongyregion.com.ar\/diario\/wp-json\/wp\/v2\/posts"}],"about":[{"href":"https:\/\/armstrongyregion.com.ar\/diario\/wp-json\/wp\/v2\/types\/post"}],"author":[{"embeddable":true,"href":"https:\/\/armstrongyregion.com.ar\/diario\/wp-json\/wp\/v2\/users\/2"}],"replies":[{"embeddable":true,"href":"https:\/\/armstrongyregion.com.ar\/diario\/wp-json\/wp\/v2\/comments?post=9225"}],"version-history":[{"count":0,"href":"https:\/\/armstrongyregion.com.ar\/diario\/wp-json\/wp\/v2\/posts\/9225\/revisions"}],"wp:featuredmedia":[{"embeddable":true,"href":"https:\/\/armstrongyregion.com.ar\/diario\/wp-json\/wp\/v2\/media\/9226"}],"wp:attachment":[{"href":"https:\/\/armstrongyregion.com.ar\/diario\/wp-json\/wp\/v2\/media?parent=9225"}],"wp:term":[{"taxonomy":"category","embeddable":true,"href":"https:\/\/armstrongyregion.com.ar\/diario\/wp-json\/wp\/v2\/categories?post=9225"},{"taxonomy":"post_tag","embeddable":true,"href":"https:\/\/armstrongyregion.com.ar\/diario\/wp-json\/wp\/v2\/tags?post=9225"}],"curies":[{"name":"wp","href":"https:\/\/api.w.org\/{rel}","templated":true}]}}