{"id":9215,"date":"2016-08-19T14:49:47","date_gmt":"2016-08-19T14:49:47","guid":{"rendered":"https:\/\/armstrongyregion.com.ar\/diario\/?p=9215"},"modified":"2016-08-19T14:49:47","modified_gmt":"2016-08-19T14:49:47","slug":"acciones-que-mejoraran-el-servicio-publico-de-pasajeros-en-la-region","status":"publish","type":"post","link":"https:\/\/armstrongyregion.com.ar\/diario\/acciones-que-mejoraran-el-servicio-publico-de-pasajeros-en-la-region\/","title":{"rendered":"Acciones que Mejoraran el Servicio P\u00fablico de Pasajeros en La Regi\u00f3n."},"content":{"rendered":"<p><a href=\"http:\/\/armstrongyregion.com.ar\/diario\/wp-content\/uploads\/2016\/08\/Miguel-Solis-.jpg\"><img loading=\"lazy\" decoding=\"async\" src=\"http:\/\/armstrongyregion.com.ar\/diario\/wp-content\/uploads\/2016\/08\/Miguel-Solis-.jpg\" alt=\"Miguel-Solis-\" width=\"768\" height=\"510\" class=\"alignnone size-full wp-image-9216\" srcset=\"https:\/\/armstrongyregion.com.ar\/diario\/wp-content\/uploads\/2016\/08\/Miguel-Solis-.jpg 768w, https:\/\/armstrongyregion.com.ar\/diario\/wp-content\/uploads\/2016\/08\/Miguel-Solis--300x199.jpg 300w\" sizes=\"auto, (max-width: 768px) 100vw, 768px\" \/><\/a> El diputado provincial Miguel Solis(Partido Socialista-FPCyS) presidio en la Escuela Florentino Ameghino de la ciudad de Ca\u00f1ada de Gomez, una nueva reuni\u00f3n programada, con la finalidad de continuar abordando la problem\u00e1tica del transporte p\u00fablico de pasajeros en la regi\u00f3n, con la presencia  del Director de Transporte P\u00fablico de Santa Fe, Sergio Ludue\u00f1a.<br \/>\n    El funcionario del gobierno provincial comunico ante la numerosa concurrencia, las diversas acciones que se implementaran para el corto y mediano plazo, que significaran un avance sustancial en la mejora del servicio.<br \/>\n    Para el corto plazo cabe mencionar la modificaci\u00f3n de ciertos horarios de salida y sus combinaciones adapt\u00e1ndolos a las demandas actuales, la incorporaci\u00f3n de servicios en horarios cr\u00edticos, coches con mas asientos, incorporaci\u00f3n de GPS en las unidades, puesta en marcha de un sistema de informaci\u00f3n al usuario con acceso a trav\u00e9s de una aplicaci\u00f3n a celulares, una v\u00eda de reclamos y denuncias por mensajer\u00eda a la p\u00e1gina web provincial, y la exigencia a las empresas prestadoras de presentar ante la secretaria un plan de mantenimiento de unidades.<br \/>\n    En el mediano plazo, dos leyes se presentaran para su tratamiento en la Legislatura Provincial: Nueva Ley de Transporte P\u00fablico que tendr\u00e1 una concepci\u00f3n moderna y actualizada, que modifica la vigente que tiene m\u00e1s de 80 a\u00f1os y um proyecto de Ley de Regulaci\u00f3n de terminales de \u00f3mnibus, que establezca las condiciones de atenci\u00f3n, seguridad, higiene, horarios, y dem\u00e1s necesidades de los usuarios.<br \/>\n   Tambi\u00e9n se menciono que est\u00e1 siendo analizada la posibilidad de construir en el cruce de las rutas nacionales n\u00ba 9 y 178, de jurisdicci\u00f3n nacional, un refugio con los servicios necesarios para que los usuarios tengan un espacio para aguardar las combinaciones intermedias.<br \/>\n    Se sumaron a esta convocatoria, el senador del Departamento Belgrano, Guillermo Cornaglia, el concejal de Ca\u00f1ada de Gomez,  Matias Chale, la concejal de Las Parejas, Sandra Clerici, directivos y j\u00f3venes miembros del centro de estudiantes de los establecimientos educativos. <\/p>\n","protected":false},"excerpt":{"rendered":"<p>El diputado provincial Miguel Solis(Partido Socialista-FPCyS) presidio en la Escuela Florentino Ameghino de la ciudad de Ca\u00f1ada de Gomez, una nueva reuni\u00f3n programada, con la finalidad de continuar abordando la problem\u00e1tica del transporte p\u00fablico de pasajeros en la regi\u00f3n, con la presencia del Director de Transporte P\u00fablico de Santa Fe, Sergio Ludue\u00f1a. El funcionario del <a href=\"https:\/\/armstrongyregion.com.ar\/diario\/acciones-que-mejoraran-el-servicio-publico-de-pasajeros-en-la-region\/\" title=\"Read more\" >&#8230;<\/a><\/p>\n","protected":false},"author":2,"featured_media":9216,"comment_status":"open","ping_status":"open","sticky":false,"template":"","format":"standard","meta":{"_jetpack_memberships_contains_paid_content":false,"footnotes":"","jetpack_publicize_message":"","jetpack_publicize_feature_enabled":true,"jetpack_social_post_already_shared":false,"jetpack_social_options":{"image_generator_settings":{"template":"highway","default_image_id":0,"enabled":false},"version":2}},"categories":[1,2,3],"tags":[],"class_list":["post-9215","post","type-post","status-publish","format-standard","has-post-thumbnail","hentry","category-diario-armstrong","category-locales","category-region"],"jetpack_publicize_connections":[],"jetpack_featured_media_url":"https:\/\/armstrongyregion.com.ar\/diario\/wp-content\/uploads\/2016\/08\/Miguel-Solis-.jpg","jetpack_shortlink":"https:\/\/wp.me\/p62QDO-2oD","jetpack_sharing_enabled":true,"amp_enabled":true,"_links":{"self":[{"href":"https:\/\/armstrongyregion.com.ar\/diario\/wp-json\/wp\/v2\/posts\/9215","targetHints":{"allow":["GET"]}}],"collection":[{"href":"https:\/\/armstrongyregion.com.ar\/diario\/wp-json\/wp\/v2\/posts"}],"about":[{"href":"https:\/\/armstrongyregion.com.ar\/diario\/wp-json\/wp\/v2\/types\/post"}],"author":[{"embeddable":true,"href":"https:\/\/armstrongyregion.com.ar\/diario\/wp-json\/wp\/v2\/users\/2"}],"replies":[{"embeddable":true,"href":"https:\/\/armstrongyregion.com.ar\/diario\/wp-json\/wp\/v2\/comments?post=9215"}],"version-history":[{"count":0,"href":"https:\/\/armstrongyregion.com.ar\/diario\/wp-json\/wp\/v2\/posts\/9215\/revisions"}],"wp:featuredmedia":[{"embeddable":true,"href":"https:\/\/armstrongyregion.com.ar\/diario\/wp-json\/wp\/v2\/media\/9216"}],"wp:attachment":[{"href":"https:\/\/armstrongyregion.com.ar\/diario\/wp-json\/wp\/v2\/media?parent=9215"}],"wp:term":[{"taxonomy":"category","embeddable":true,"href":"https:\/\/armstrongyregion.com.ar\/diario\/wp-json\/wp\/v2\/categories?post=9215"},{"taxonomy":"post_tag","embeddable":true,"href":"https:\/\/armstrongyregion.com.ar\/diario\/wp-json\/wp\/v2\/tags?post=9215"}],"curies":[{"name":"wp","href":"https:\/\/api.w.org\/{rel}","templated":true}]}}