{"id":9206,"date":"2016-08-19T12:16:48","date_gmt":"2016-08-19T12:16:48","guid":{"rendered":"https:\/\/armstrongyregion.com.ar\/diario\/?p=9206"},"modified":"2016-08-19T12:16:48","modified_gmt":"2016-08-19T12:16:48","slug":"casilda-busca-tomar-medidas-para-combatir-sus-1-200-minibasurales","status":"publish","type":"post","link":"https:\/\/armstrongyregion.com.ar\/diario\/casilda-busca-tomar-medidas-para-combatir-sus-1-200-minibasurales\/","title":{"rendered":"Casilda busca tomar medidas para combatir sus 1.200 minibasurales."},"content":{"rendered":"<p><a href=\"http:\/\/armstrongyregion.com.ar\/diario\/wp-content\/uploads\/2016\/08\/basural-casilda-.jpg\"><img loading=\"lazy\" decoding=\"async\" src=\"http:\/\/armstrongyregion.com.ar\/diario\/wp-content\/uploads\/2016\/08\/basural-casilda-.jpg\" alt=\"basural-casilda-\" width=\"768\" height=\"510\" class=\"alignnone size-full wp-image-9207\" srcset=\"https:\/\/armstrongyregion.com.ar\/diario\/wp-content\/uploads\/2016\/08\/basural-casilda-.jpg 768w, https:\/\/armstrongyregion.com.ar\/diario\/wp-content\/uploads\/2016\/08\/basural-casilda--300x199.jpg 300w\" sizes=\"auto, (max-width: 768px) 100vw, 768px\" \/><\/a>El Estado local apela al involucramiento ciudadano a partir de conductas sociales que garanticen el nuevo programa.<br \/>\nCon la vista puesta en el cuidado del medio ambiente y la salud p\u00fablica, el municipio de Casilda instrumentar\u00e1 un programa de recolecci\u00f3n de residuos voluminosos, restos de poda y escombros que apunta a frenar la proliferaci\u00f3n de minibasurales en esta ciudad cabecera del departamento Caseros. No es para menos, ya que la ciudad, seg\u00fan un relevamiento oficial, tiene m\u00e1s de 1.200 minibasurales.<\/p>\n<p>\u00abEstamos dando los primeros pasos en la organizaci\u00f3n de un sistema integral de recolecci\u00f3n de residuos que requerir\u00e1 la colaboraci\u00f3n y el compromiso de los casildenses para lograr una ciudad m\u00e1s limpia, linda y saludable\u00bb, precis\u00f3 el intendente Juan Jos\u00e9 Sarasola, al lanzar desde la Plaza Belgrano la iniciativa que busca reordenar el tratamiento de la preocupante problem\u00e1tica.<\/p>\n<p>El Estado local apela al involucramiento ciudadano a partir de conductas sociales que garanticen el buen funcionamiento del innovador programa que no implicar\u00e1 modificaciones al trabajo que lleva adelante la empresa de Servicios Casildenses Sapem, que est\u00e1 afectada a la recolecci\u00f3n de los residuos domiciliarios.<\/p>\n<p>El mandatario local asegur\u00f3 que lo programado \u00abdemandar\u00e1 la misma cantidad de equipamiento y personal en la calle que hasta ahora\u00bb, para luego insistir con que \u00abse trata de fijar pautas claras y entre todos tomar el compromiso de tener una ciudad m\u00e1s limpia y ordenada\u00bb, al tiempo que calific\u00f3 lo planificado como \u00abun lindo desaf\u00edo que tenemos por delante\u00bb, tras instar a los vecinos a \u00abcolaborar para lograr el \u00e9xito que esperamos\u00bb.<\/p>\n<p>Dato preocupante. Seg\u00fan datos oficiales del gobierno local, Casilda tiene m\u00e1s de 1.200 minibasurales dispersos en esquinas y bald\u00edos de la ciudad, lo que adem\u00e1s de afectar la est\u00e9tica urbana representa un impacto ambiental perjudicial para la salud que intentar\u00e1 ser revertido con la puesta en marcha de la iniciativa en cuesti\u00f3n.<\/p>\n<p>Para la implementaci\u00f3n del plan est\u00e1 previsto capacitar personal municipal as\u00ed como la realizaci\u00f3n de reuniones con vecinales, escuelas y personas que se dedican a la reutilizaci\u00f3n del material recolectado.<\/p>\n<p>Ya se est\u00e1 desarrollando una recorrida puerta a puerta para explicar a los vecinos las caracter\u00edsticas del sistema que tendr\u00e1 su punto de inicio desde este mes en los barrios San Carlos, Timmerman. Parque y UOM. Y, de no surgir imprevistos, la cobertura alcanzara a toda la ciudad a fin de a\u00f1o.<\/p>\n<p>\u00abEl objetivo es lograr una correcta gesti\u00f3n de los residuos de recolecci\u00f3n diferenciada, as\u00ed como mejorar la calidad de vida y recuperar los recursos que contiene la basura a partir de su mejor y eficiente retiro de la v\u00eda p\u00fablica para potenciar su reutilizaci\u00f3n\u00bb, destac\u00f3 el municipio casildense en un comunicado.<\/p>\n<p>En ese marco, puntualiz\u00f3 que \u00abla basura que se dispersa en los espacios p\u00fablicos es uno de los problemas m\u00e1s serios que debemos resolver\u00bb, y dimension\u00f3 el problema al citar que \u00abmientras la Sapem recolecta cuatro camiones de residuos por d\u00eda, el municipio lleva a disposici\u00f3n final por jornada el equivalente a 35 con restos de poda, tierra, escombros, chatarra, y otros objetos como muebles y artefactos en desuso de gran tama\u00f1o.<\/p>\n<p>Sin embargo la proliferaci\u00f3n de micro basurales no ces\u00f3, por lo que ahora el municipio recurrir\u00e1 a la puesta en pr\u00e1ctica de este plan cuyo \u00e9xito depender\u00e1 del grado de compromiso que asuman los vecinos.<\/p>\n<p>Zonas y d\u00edas. El sistema establecer\u00e1 zonas, d\u00edas y horarios para poder sacar y depositar al frente de la casa, sin obstaculizar el paso, este tipo de residuos a fin de ser recolectados una vez por semana.<\/p>\n<p>Los restos de poda domiciliaria y objetos voluminosos como chatarras, entre otros, podr\u00e1n ser colocados sobre la vereda ocupando un espacio no mayor de un metro c\u00fabico o seis bolsas de consorcio correctamente atadas. En tanto que los escombros y tierra deben ser ubicados, sin superar ese volumen, a 20 cent\u00edmetros del cord\u00f3n en el sector donde estacionan los autos para que la pala municipal pueda levantarlos.<\/p>\n<p>En caso de superar las cantidades establecidas el vecino tendr\u00e1 la opci\u00f3n de fraccionar y retirar en varios d\u00edas la basura o de lo contrario contratar un servicio privado o pagar al municipio.<\/p>\n<p>De la presentaci\u00f3n del programa tambi\u00e9n participaron la secretaria de Obras y Servicios P\u00fablicos, Marta Lapeg\u00fce; y el secretario de Planeamiento Urbano, Vivienda y Producci\u00f3n, Fernando Sambrailo.<br \/>\nPor Gustavo Orellano \/ La Capital<\/p>\n","protected":false},"excerpt":{"rendered":"<p>El Estado local apela al involucramiento ciudadano a partir de conductas sociales que garanticen el nuevo programa. Con la vista puesta en el cuidado del medio ambiente y la salud p\u00fablica, el municipio de Casilda instrumentar\u00e1 un programa de recolecci\u00f3n de residuos voluminosos, restos de poda y escombros que apunta a frenar la proliferaci\u00f3n de <a href=\"https:\/\/armstrongyregion.com.ar\/diario\/casilda-busca-tomar-medidas-para-combatir-sus-1-200-minibasurales\/\" title=\"Read more\" >&#8230;<\/a><\/p>\n","protected":false},"author":2,"featured_media":9207,"comment_status":"open","ping_status":"open","sticky":false,"template":"","format":"standard","meta":{"_jetpack_memberships_contains_paid_content":false,"footnotes":"","jetpack_publicize_message":"","jetpack_publicize_feature_enabled":true,"jetpack_social_post_already_shared":false,"jetpack_social_options":{"image_generator_settings":{"template":"highway","default_image_id":0,"enabled":false},"version":2}},"categories":[6,1,3],"tags":[4302,4026],"class_list":["post-9206","post","type-post","status-publish","format-standard","has-post-thumbnail","hentry","category-cultura-entretenimiento","category-diario-armstrong","category-region","tag-basurales","tag-casilda"],"jetpack_publicize_connections":[],"jetpack_featured_media_url":"https:\/\/armstrongyregion.com.ar\/diario\/wp-content\/uploads\/2016\/08\/basural-casilda-.jpg","jetpack_shortlink":"https:\/\/wp.me\/p62QDO-2ou","jetpack_sharing_enabled":true,"amp_enabled":true,"_links":{"self":[{"href":"https:\/\/armstrongyregion.com.ar\/diario\/wp-json\/wp\/v2\/posts\/9206","targetHints":{"allow":["GET"]}}],"collection":[{"href":"https:\/\/armstrongyregion.com.ar\/diario\/wp-json\/wp\/v2\/posts"}],"about":[{"href":"https:\/\/armstrongyregion.com.ar\/diario\/wp-json\/wp\/v2\/types\/post"}],"author":[{"embeddable":true,"href":"https:\/\/armstrongyregion.com.ar\/diario\/wp-json\/wp\/v2\/users\/2"}],"replies":[{"embeddable":true,"href":"https:\/\/armstrongyregion.com.ar\/diario\/wp-json\/wp\/v2\/comments?post=9206"}],"version-history":[{"count":0,"href":"https:\/\/armstrongyregion.com.ar\/diario\/wp-json\/wp\/v2\/posts\/9206\/revisions"}],"wp:featuredmedia":[{"embeddable":true,"href":"https:\/\/armstrongyregion.com.ar\/diario\/wp-json\/wp\/v2\/media\/9207"}],"wp:attachment":[{"href":"https:\/\/armstrongyregion.com.ar\/diario\/wp-json\/wp\/v2\/media?parent=9206"}],"wp:term":[{"taxonomy":"category","embeddable":true,"href":"https:\/\/armstrongyregion.com.ar\/diario\/wp-json\/wp\/v2\/categories?post=9206"},{"taxonomy":"post_tag","embeddable":true,"href":"https:\/\/armstrongyregion.com.ar\/diario\/wp-json\/wp\/v2\/tags?post=9206"}],"curies":[{"name":"wp","href":"https:\/\/api.w.org\/{rel}","templated":true}]}}