{"id":9199,"date":"2016-08-18T11:06:30","date_gmt":"2016-08-18T11:06:30","guid":{"rendered":"https:\/\/armstrongyregion.com.ar\/diario\/?p=9199"},"modified":"2016-08-18T11:06:30","modified_gmt":"2016-08-18T11:06:30","slug":"beatriz-di-paolo-yo-no-tengo-nada-que-ver-con-la-escritura-de-esas-facturas","status":"publish","type":"post","link":"https:\/\/armstrongyregion.com.ar\/diario\/beatriz-di-paolo-yo-no-tengo-nada-que-ver-con-la-escritura-de-esas-facturas\/","title":{"rendered":"Beatriz Di Paolo: \u00abYo no tengo nada que ver con la escritura de esas facturas\u00bb."},"content":{"rendered":"<p><a href=\"http:\/\/armstrongyregion.com.ar\/diario\/wp-content\/uploads\/2016\/08\/Beatriz-Di-Paolo-.jpg\"><img loading=\"lazy\" decoding=\"async\" src=\"http:\/\/armstrongyregion.com.ar\/diario\/wp-content\/uploads\/2016\/08\/Beatriz-Di-Paolo-.jpg\" alt=\"Beatriz-Di-Paolo-\" width=\"768\" height=\"524\" class=\"alignnone size-full wp-image-9201\" srcset=\"https:\/\/armstrongyregion.com.ar\/diario\/wp-content\/uploads\/2016\/08\/Beatriz-Di-Paolo-.jpg 768w, https:\/\/armstrongyregion.com.ar\/diario\/wp-content\/uploads\/2016\/08\/Beatriz-Di-Paolo--300x205.jpg 300w\" sizes=\"auto, (max-width: 768px) 100vw, 768px\" \/><\/a>En conferencia de prensa la Concejal radical hizo un descargo respecto al resultado de la pericia caligr\u00e1fica ordenada por la justicia sobre la causa de facturas ap\u00f3crifas en la que Di Paolo est\u00e1 procesada, la cual arroja que dos de las facturas existentes habr\u00edan sido confeccionadas por su pu\u00f1o y letra.<br \/>\nCon respecto a este tema aclar\u00f3 \u00abRespeto lo que expresa el perito pero no lo puedo avalar\u00bb.<br \/>\nLuego continu\u00f3, \u00abYo me maneje siempre en mi vida sin un abogado, no recib\u00ed ni una carta documento y entro a la municipalidad y parece que no doy a basto de los abogados que tengo que tener\u00bb.<br \/>\nAl consultar sobre las facturas ap\u00f3crifas que la gesti\u00f3n de Pablo Verdecchia pag\u00f3 agreg\u00f3 \u00abDesde mi Secretar\u00eda se pagaron esas facturas, pero en ning\u00fan momento nosotros cre\u00edmos que esas facturas eran ap\u00f3crifas\u00bb.<br \/>\nAl referirse a su situaci\u00f3n personal con respecto a su procesamiento y a la causa manifest\u00f3 \u00abMe enredan en toda una cuesti\u00f3n que la verdad esto parece un cuento de Caperucita Roja\u00bb.<br \/>\nPara finalizar se le consult\u00f3 sobre la posibilidad de su renuncia a la banca que ocupa en el Concejo y fue contundente \u00abHasta que no haya condena firme yo ocupo los cargos que ocupo\u00bb.<br \/>\nJorge Tagina. FM Sol.<br \/>\nMonica Soria. FM Frecuencia Uno.<br \/>\nGraciela De la Casa. Armstrong y Region.<br \/>\nEscucha el audio de la nota completa:<br \/>\nNota a Beatr\u00edz Di Paolo-<br \/>\n<!--[if lt IE 9]><script>document.createElement('audio');<\/script><![endif]-->\n<audio class=\"wp-audio-shortcode\" id=\"audio-9199-1\" preload=\"none\" style=\"width: 100%;\" controls=\"controls\"><source type=\"audio\/mpeg\" src=\"http:\/\/armstrongyregion.com.ar\/diario\/wp-content\/uploads\/2016\/08\/Nota-de-voz-075.m4a?_=1\" \/><a href=\"http:\/\/armstrongyregion.com.ar\/diario\/wp-content\/uploads\/2016\/08\/Nota-de-voz-075.m4a\">http:\/\/armstrongyregion.com.ar\/diario\/wp-content\/uploads\/2016\/08\/Nota-de-voz-075.m4a<\/a><\/audio><\/p>\n","protected":false},"excerpt":{"rendered":"<p>En conferencia de prensa la Concejal radical hizo un descargo respecto al resultado de la pericia caligr\u00e1fica ordenada por la justicia sobre la causa de facturas ap\u00f3crifas en la que Di Paolo est\u00e1 procesada, la cual arroja que dos de las facturas existentes habr\u00edan sido confeccionadas por su pu\u00f1o y letra. Con respecto a este <a href=\"https:\/\/armstrongyregion.com.ar\/diario\/beatriz-di-paolo-yo-no-tengo-nada-que-ver-con-la-escritura-de-esas-facturas\/\" title=\"Read more\" >&#8230;<\/a><\/p>\n","protected":false},"author":2,"featured_media":9201,"comment_status":"open","ping_status":"open","sticky":false,"template":"","format":"standard","meta":{"_jetpack_memberships_contains_paid_content":false,"footnotes":"","jetpack_publicize_message":"","jetpack_publicize_feature_enabled":true,"jetpack_social_post_already_shared":false,"jetpack_social_options":{"image_generator_settings":{"template":"highway","default_image_id":0,"enabled":false},"version":2}},"categories":[1,2,7,3],"tags":[4297,100,19,614,4300,74,31,23,1921,96,4298,108,3054,4299,3519],"class_list":["post-9199","post","type-post","status-publish","format-standard","has-post-thumbnail","hentry","category-diario-armstrong","category-locales","category-politica","category-region","tag-beatriz","tag-con","tag-de","tag-di","tag-escritura","tag-facturas","tag-la","tag-las","tag-nada","tag-no","tag-paolo","tag-que","tag-tengo","tag-ver","tag-yo"],"jetpack_publicize_connections":[],"jetpack_featured_media_url":"https:\/\/armstrongyregion.com.ar\/diario\/wp-content\/uploads\/2016\/08\/Beatriz-Di-Paolo-.jpg","jetpack_shortlink":"https:\/\/wp.me\/p62QDO-2on","jetpack_sharing_enabled":true,"amp_enabled":true,"_links":{"self":[{"href":"https:\/\/armstrongyregion.com.ar\/diario\/wp-json\/wp\/v2\/posts\/9199","targetHints":{"allow":["GET"]}}],"collection":[{"href":"https:\/\/armstrongyregion.com.ar\/diario\/wp-json\/wp\/v2\/posts"}],"about":[{"href":"https:\/\/armstrongyregion.com.ar\/diario\/wp-json\/wp\/v2\/types\/post"}],"author":[{"embeddable":true,"href":"https:\/\/armstrongyregion.com.ar\/diario\/wp-json\/wp\/v2\/users\/2"}],"replies":[{"embeddable":true,"href":"https:\/\/armstrongyregion.com.ar\/diario\/wp-json\/wp\/v2\/comments?post=9199"}],"version-history":[{"count":0,"href":"https:\/\/armstrongyregion.com.ar\/diario\/wp-json\/wp\/v2\/posts\/9199\/revisions"}],"wp:featuredmedia":[{"embeddable":true,"href":"https:\/\/armstrongyregion.com.ar\/diario\/wp-json\/wp\/v2\/media\/9201"}],"wp:attachment":[{"href":"https:\/\/armstrongyregion.com.ar\/diario\/wp-json\/wp\/v2\/media?parent=9199"}],"wp:term":[{"taxonomy":"category","embeddable":true,"href":"https:\/\/armstrongyregion.com.ar\/diario\/wp-json\/wp\/v2\/categories?post=9199"},{"taxonomy":"post_tag","embeddable":true,"href":"https:\/\/armstrongyregion.com.ar\/diario\/wp-json\/wp\/v2\/tags?post=9199"}],"curies":[{"name":"wp","href":"https:\/\/api.w.org\/{rel}","templated":true}]}}