{"id":9193,"date":"2016-08-18T10:50:48","date_gmt":"2016-08-18T10:50:48","guid":{"rendered":"https:\/\/armstrongyregion.com.ar\/diario\/?p=9193"},"modified":"2016-08-18T10:50:48","modified_gmt":"2016-08-18T10:50:48","slug":"primer-encuentro-de-coros-italianos-en-el-teatro-verdi","status":"publish","type":"post","link":"https:\/\/armstrongyregion.com.ar\/diario\/primer-encuentro-de-coros-italianos-en-el-teatro-verdi\/","title":{"rendered":"Primer encuentro de coros italianos en el Teatro Verdi."},"content":{"rendered":"<p><a href=\"http:\/\/armstrongyregion.com.ar\/diario\/wp-content\/uploads\/2016\/08\/verdi-1.jpg\"><img loading=\"lazy\" decoding=\"async\" src=\"http:\/\/armstrongyregion.com.ar\/diario\/wp-content\/uploads\/2016\/08\/verdi-1.jpg\" alt=\"Verdi\" width=\"768\" height=\"511\" class=\"alignnone size-full wp-image-9194\" srcset=\"https:\/\/armstrongyregion.com.ar\/diario\/wp-content\/uploads\/2016\/08\/verdi-1.jpg 768w, https:\/\/armstrongyregion.com.ar\/diario\/wp-content\/uploads\/2016\/08\/verdi-1-300x200.jpg 300w\" sizes=\"auto, (max-width: 768px) 100vw, 768px\" \/><\/a>Cont\u00f3 con la actuaci\u00f3n de cinco coros y una gran convocatoria de p\u00fablico en pos de promover la cultura italiana.<\/p>\n<p>FUENTE: PERI\u00d3DICO EL INFORME DE LA CIUDAD (CA\u00d1ADA DE GOMEZ)<\/p>\n<p>El pasado domingo en la majestuosa sala de nuestro Teatro Verdi se llev\u00f3 a cabo el Primer Encuentro de Coros Italianos organizado por la Asociaci\u00f3n Italiana Unione e Benevolenza de Ca\u00f1ada de G\u00f3mez y auspiciado por el COMITES. Tuvo la importante presencia del vicec\u00f3nsul de Italia Antonino Ricetti. El espect\u00e1culo cont\u00f3 con la actuaci\u00f3n de cinco coros, dos de la localidad de Rosario y los tres restantes de nuestra ciudad. Dicho show atrap\u00f3 al p\u00fablico por una hora y media aproximadamente. Dialogamos con Carlos Maini, presidente de la Asociaci\u00f3n Italiana Unione e Benevolenza de nuestra ciudad sobre el evento.<br \/>\n \u00bfC\u00f3mo surge la idea de reunir a coros italianos de la zona?<br \/>\nC.M.: En la Asociaci\u00f3n Italiana de Unione e Benevolenza de Ca\u00f1ada de G\u00f3mez desde hace aproximadamente cuatro a\u00f1os estamos intentando una recuperaci\u00f3n cultural de la italianidad, ya que nuestra instituci\u00f3n, adem\u00e1s del Teatro Verdi, tiene la responsabilidad de ocupar el lugar de la defensa de la cultura Italiana. Entonces se comenz\u00f3 en ese tiempo  con la ense\u00f1anza del idioma italiano y se inici\u00f3 un coro italiano, que fue idea de Juan Carlos Perazzoni y que tuvo desde un inicio el apoyo de los acordeonistas Fabio Carabajal y  Alejandro Alvino.<br \/>\n\u00bfAh\u00ed surge la Agrupaci\u00f3n Fratelli D\u2019Italia?<br \/>\nC.M.: A este coro lo hemos llamado AGRUPACI\u00d2N FRATELLI D\u2019 ITALIA, y el a\u00f1o pasado hemos formado el  CORO DE NI\u00d1OS Y JOVENES DEL TEATRO VERDI. Con los dos coros hemos tenido numerosas actuaciones en el Teatro per nunca hab\u00edamos  compartido escenario con otros coros, por lo que desde hace un tiempo ten\u00edamos la intenci\u00f3n organizar algo y result\u00f3 este PRIMER ENCUENTROS DE COROS ITALIANOS EN EL TEATRO VERDI.<br \/>\nSabemos que contaron con la presencia de un importante representante del Consulado Italiano \u00bfQui\u00e9n estuvo  presente?<br \/>\nC.M.: Hemos tenido la visita durante el Encuentro de Coros del Vicec\u00f3nsul de Italia, Antonino Ricetti, una persona muy querida por la colectividad y que dio muestras de su simpat\u00eda. Qued\u00f3 maravillado con el Teatro Verdi y coment\u00f3 que no se imaginaba como los inmigrantes italianos de aquella \u00e9poca hab\u00edan podido construir semejante teatro en la peque\u00f1a ciudad que era Ca\u00f1ada de G\u00f3mez a principio de siglo pasado.<br \/>\n\u00bfQu\u00e9 coros participaron en este primer encuentro?<br \/>\nC.M.: El Coro V\u00e9neto  de la Asociaci\u00f3n V\u00e9neta de Rosario dirigido por Miguel Solagna; el Coro AlcaraLifusi de la Asociaci\u00f3n  AlcaraLifusi tambi\u00e9n de Rosario dirigido por Sebasti\u00e1n Fregoni; la Agrupaci\u00f3n Vocal Abierta  de Ca\u00f1ada de G\u00f3mez; la Agrupaci\u00f3n Fratelli d\u2019 Italia  y el Coro de ni\u00f1os y J\u00f3venes del Teatro Verdi dirigidos por Ramiro Chinetti.<br \/>\n\u00bfTienen pensado repetir esta actividad cultural en alguna otra localidad?<br \/>\nC.M.: Lo que si te puedo decir es que trataremos el a\u00f1o que viene de hacer algo igual. El p\u00fablico sali\u00f3 satisfecho ya que esto de juntar cinco coros para que canten temas italianos, por supuesto cada coro con sus caracter\u00edsticas, result\u00f3 muy atrayente y los participantes salieron muy conformes.<br \/>\n\u00bfSienten desde la Asociaci\u00f3n Italiana que la gente de nuestra ciudad est\u00e1 apoyando la cultura italiana?<br \/>\nC.M.: Creo que en parte s\u00ed porque cuando organizamos un evento el p\u00fablico  responde, y lo importante es que hacer cultura italiana es hacer cultura argentina, porque la cultura es la gente y nosotros al ser descendientes de los que bajaron de los barcos, debemos mantener viva la llama \u201cdeinostrinonni\u201d. Tambi\u00e9n quiero recordar que funcionan adem\u00e1s de los dos coros, una escuela de acorde\u00f3n para adultos y ni\u00f1os y que gracias a la colaboraci\u00f3n de la empresa NOVA estas tres actividades son gratuitas. As\u00ed que est\u00e1n invitados a sumarse y no perder esta oportunidad. Adem\u00e1s funcionan talleres de italiano, danza cl\u00e1sica y podemos adelantar que estamos detr\u00e1s de un proyecto de Escuela de Teatro para que tenga alcance zonal.<\/p>\n","protected":false},"excerpt":{"rendered":"<p>Cont\u00f3 con la actuaci\u00f3n de cinco coros y una gran convocatoria de p\u00fablico en pos de promover la cultura italiana. FUENTE: PERI\u00d3DICO EL INFORME DE LA CIUDAD (CA\u00d1ADA DE GOMEZ) El pasado domingo en la majestuosa sala de nuestro Teatro Verdi se llev\u00f3 a cabo el Primer Encuentro de Coros Italianos organizado por la Asociaci\u00f3n <a href=\"https:\/\/armstrongyregion.com.ar\/diario\/primer-encuentro-de-coros-italianos-en-el-teatro-verdi\/\" title=\"Read more\" >&#8230;<\/a><\/p>\n","protected":false},"author":2,"featured_media":9194,"comment_status":"open","ping_status":"open","sticky":false,"template":"","format":"standard","meta":{"_jetpack_memberships_contains_paid_content":false,"footnotes":"","jetpack_publicize_message":"","jetpack_publicize_feature_enabled":true,"jetpack_social_post_already_shared":false,"jetpack_social_options":{"image_generator_settings":{"template":"highway","default_image_id":0,"enabled":false},"version":2}},"categories":[6,1,3],"tags":[4295,19,16,15,63,4296,605,838],"class_list":["post-9193","post","type-post","status-publish","format-standard","has-post-thumbnail","hentry","category-cultura-entretenimiento","category-diario-armstrong","category-region","tag-coros","tag-de","tag-el","tag-en","tag-encuentro","tag-italianos","tag-primer","tag-verdi"],"jetpack_publicize_connections":[],"jetpack_featured_media_url":"https:\/\/armstrongyregion.com.ar\/diario\/wp-content\/uploads\/2016\/08\/verdi-1.jpg","jetpack_shortlink":"https:\/\/wp.me\/p62QDO-2oh","jetpack_sharing_enabled":true,"amp_enabled":true,"_links":{"self":[{"href":"https:\/\/armstrongyregion.com.ar\/diario\/wp-json\/wp\/v2\/posts\/9193","targetHints":{"allow":["GET"]}}],"collection":[{"href":"https:\/\/armstrongyregion.com.ar\/diario\/wp-json\/wp\/v2\/posts"}],"about":[{"href":"https:\/\/armstrongyregion.com.ar\/diario\/wp-json\/wp\/v2\/types\/post"}],"author":[{"embeddable":true,"href":"https:\/\/armstrongyregion.com.ar\/diario\/wp-json\/wp\/v2\/users\/2"}],"replies":[{"embeddable":true,"href":"https:\/\/armstrongyregion.com.ar\/diario\/wp-json\/wp\/v2\/comments?post=9193"}],"version-history":[{"count":0,"href":"https:\/\/armstrongyregion.com.ar\/diario\/wp-json\/wp\/v2\/posts\/9193\/revisions"}],"wp:featuredmedia":[{"embeddable":true,"href":"https:\/\/armstrongyregion.com.ar\/diario\/wp-json\/wp\/v2\/media\/9194"}],"wp:attachment":[{"href":"https:\/\/armstrongyregion.com.ar\/diario\/wp-json\/wp\/v2\/media?parent=9193"}],"wp:term":[{"taxonomy":"category","embeddable":true,"href":"https:\/\/armstrongyregion.com.ar\/diario\/wp-json\/wp\/v2\/categories?post=9193"},{"taxonomy":"post_tag","embeddable":true,"href":"https:\/\/armstrongyregion.com.ar\/diario\/wp-json\/wp\/v2\/tags?post=9193"}],"curies":[{"name":"wp","href":"https:\/\/api.w.org\/{rel}","templated":true}]}}