{"id":9175,"date":"2016-08-17T10:43:15","date_gmt":"2016-08-17T10:43:15","guid":{"rendered":"https:\/\/armstrongyregion.com.ar\/diario\/?p=9175"},"modified":"2016-08-17T10:43:15","modified_gmt":"2016-08-17T10:43:15","slug":"canada-de-gomez-22-denuncias-en-el-buzon-de-la-vida","status":"publish","type":"post","link":"https:\/\/armstrongyregion.com.ar\/diario\/canada-de-gomez-22-denuncias-en-el-buzon-de-la-vida\/","title":{"rendered":"Ca\u00f1ada de G\u00f3mez. 22 denuncias en el Buz\u00f3n de la Vida."},"content":{"rendered":"<p><a href=\"http:\/\/armstrongyregion.com.ar\/diario\/wp-content\/uploads\/2016\/08\/buzon-.jpg\"><img loading=\"lazy\" decoding=\"async\" src=\"http:\/\/armstrongyregion.com.ar\/diario\/wp-content\/uploads\/2016\/08\/buzon-.jpg\" alt=\"buzon\" width=\"1000\" height=\"667\" class=\"alignnone size-full wp-image-9176\" srcset=\"https:\/\/armstrongyregion.com.ar\/diario\/wp-content\/uploads\/2016\/08\/buzon-.jpg 1000w, https:\/\/armstrongyregion.com.ar\/diario\/wp-content\/uploads\/2016\/08\/buzon--300x200.jpg 300w\" sizes=\"auto, (max-width: 1000px) 100vw, 1000px\" \/><\/a>El coordinador de Seguridad Lu\u00eds Leiva y el concejal Marcelo Casalegno, junto a  representantes de vecinales e instituciones, realizaron una nueva apertura de esta herramienta ubicada en el Cuartel del Bomberos Voluntarios.<\/p>\n<p>En la ma\u00f1ana de hoy se realiz\u00f3 una nueva apertura del Buz\u00f3n de la Vida en las instalaciones del Cuartel de Bomberos. El acto fue encabezado por el coordinador de Seguridad Ciudadana Lu\u00eds Leiva y el concejal Marcelo Casalegno<br \/>\nAnte la participaci\u00f3n de representantes de instituciones y vecinales se encontraron 2 denuncias que ser\u00e1n remitidas a la Justicia Federal. Leiva destac\u00f3 el acompa\u00f1amiento y compromiso de cada una de los actores que llevan las llaves en custodia y resalt\u00f3 los \u00faltimos operativos realizados en la ciudad como consecuencia de una denuncia depositada en el buz\u00f3n en el 2014.<br \/>\n\u201cEs muy importante que los vecinos vean respuestas en operativos para que sigan confiando en esta herramienta que es el Buz\u00f3n de la Vida\u201d, expres\u00f3 Casalegno.<\/p>\n","protected":false},"excerpt":{"rendered":"<p>El coordinador de Seguridad Lu\u00eds Leiva y el concejal Marcelo Casalegno, junto a representantes de vecinales e instituciones, realizaron una nueva apertura de esta herramienta ubicada en el Cuartel del Bomberos Voluntarios. En la ma\u00f1ana de hoy se realiz\u00f3 una nueva apertura del Buz\u00f3n de la Vida en las instalaciones del Cuartel de Bomberos. El <a href=\"https:\/\/armstrongyregion.com.ar\/diario\/canada-de-gomez-22-denuncias-en-el-buzon-de-la-vida\/\" title=\"Read more\" >&#8230;<\/a><\/p>\n","protected":false},"author":2,"featured_media":9176,"comment_status":"open","ping_status":"open","sticky":false,"template":"","format":"standard","meta":{"_jetpack_memberships_contains_paid_content":false,"footnotes":"","jetpack_publicize_message":"","jetpack_publicize_feature_enabled":true,"jetpack_social_post_already_shared":false,"jetpack_social_options":{"image_generator_settings":{"template":"highway","default_image_id":0,"enabled":false},"version":2}},"categories":[1,4,3],"tags":[567,455,163,19,454,16,15,31,456],"class_list":["post-9175","post","type-post","status-publish","format-standard","has-post-thumbnail","hentry","category-diario-armstrong","category-prevencion-salud","category-region","tag-567","tag-buzon","tag-canada","tag-de","tag-denuncias","tag-el","tag-en","tag-la","tag-vida"],"jetpack_publicize_connections":[],"jetpack_featured_media_url":"https:\/\/armstrongyregion.com.ar\/diario\/wp-content\/uploads\/2016\/08\/buzon-.jpg","jetpack_shortlink":"https:\/\/wp.me\/p62QDO-2nZ","jetpack_sharing_enabled":true,"amp_enabled":true,"_links":{"self":[{"href":"https:\/\/armstrongyregion.com.ar\/diario\/wp-json\/wp\/v2\/posts\/9175","targetHints":{"allow":["GET"]}}],"collection":[{"href":"https:\/\/armstrongyregion.com.ar\/diario\/wp-json\/wp\/v2\/posts"}],"about":[{"href":"https:\/\/armstrongyregion.com.ar\/diario\/wp-json\/wp\/v2\/types\/post"}],"author":[{"embeddable":true,"href":"https:\/\/armstrongyregion.com.ar\/diario\/wp-json\/wp\/v2\/users\/2"}],"replies":[{"embeddable":true,"href":"https:\/\/armstrongyregion.com.ar\/diario\/wp-json\/wp\/v2\/comments?post=9175"}],"version-history":[{"count":0,"href":"https:\/\/armstrongyregion.com.ar\/diario\/wp-json\/wp\/v2\/posts\/9175\/revisions"}],"wp:featuredmedia":[{"embeddable":true,"href":"https:\/\/armstrongyregion.com.ar\/diario\/wp-json\/wp\/v2\/media\/9176"}],"wp:attachment":[{"href":"https:\/\/armstrongyregion.com.ar\/diario\/wp-json\/wp\/v2\/media?parent=9175"}],"wp:term":[{"taxonomy":"category","embeddable":true,"href":"https:\/\/armstrongyregion.com.ar\/diario\/wp-json\/wp\/v2\/categories?post=9175"},{"taxonomy":"post_tag","embeddable":true,"href":"https:\/\/armstrongyregion.com.ar\/diario\/wp-json\/wp\/v2\/tags?post=9175"}],"curies":[{"name":"wp","href":"https:\/\/api.w.org\/{rel}","templated":true}]}}