{"id":9163,"date":"2016-08-16T13:54:34","date_gmt":"2016-08-16T13:54:34","guid":{"rendered":"https:\/\/armstrongyregion.com.ar\/diario\/?p=9163"},"modified":"2016-08-16T13:56:18","modified_gmt":"2016-08-16T13:56:18","slug":"armstrong-acto-del-17-de-agosto-de-2016","status":"publish","type":"post","link":"https:\/\/armstrongyregion.com.ar\/diario\/armstrong-acto-del-17-de-agosto-de-2016\/","title":{"rendered":"Armstrong. Acto del 17 de agosto de 2016."},"content":{"rendered":"<p><a href=\"http:\/\/armstrongyregion.com.ar\/diario\/wp-content\/uploads\/2016\/08\/17-ago-2016.jpg\"><img loading=\"lazy\" decoding=\"async\" src=\"http:\/\/armstrongyregion.com.ar\/diario\/wp-content\/uploads\/2016\/08\/17-ago-2016-1024x729.jpg\" alt=\"17 ago 2016\" width=\"800\" height=\"570\" class=\"alignnone size-large wp-image-9164\" srcset=\"https:\/\/armstrongyregion.com.ar\/diario\/wp-content\/uploads\/2016\/08\/17-ago-2016-1024x729.jpg 1024w, https:\/\/armstrongyregion.com.ar\/diario\/wp-content\/uploads\/2016\/08\/17-ago-2016-300x214.jpg 300w\" sizes=\"auto, (max-width: 800px) 100vw, 800px\" \/><\/a>La Municipalidad de Armstrong invita a toda la ciudadan\u00eda al acto en conmemoraci\u00f3n a un nuevo aniversario del fallecimiento del Gral. Don Jos\u00e9 de San Mart\u00edn que se realizar\u00e1 el mi\u00e9rcoles 17 de agosto a las 14:30 hs. en la plaza que lleva su nombre.<br \/>\nEn esta oportunidad se contar\u00e1 con la participaci\u00f3n de las comunidades educativas de las Escuelas N\u00ba 262 \u201cDomingo F. Sarmiento\u201d y N\u00ba 291 \u201cTte. Cnel. Fray Luis Beltr\u00e1n\u201d.<br \/>\nEn el a\u00f1o del Bicentenario, se invita a embanderar los edificios.<br \/>\nEn caso de lluvia se trasladar\u00e1 a la Estaci\u00f3n M\u00e1s.<\/p>\n","protected":false},"excerpt":{"rendered":"<p>La Municipalidad de Armstrong invita a toda la ciudadan\u00eda al acto en conmemoraci\u00f3n a un nuevo aniversario del fallecimiento del Gral. Don Jos\u00e9 de San Mart\u00edn que se realizar\u00e1 el mi\u00e9rcoles 17 de agosto a las 14:30 hs. en la plaza que lleva su nombre. En esta oportunidad se contar\u00e1 con la participaci\u00f3n de las <a href=\"https:\/\/armstrongyregion.com.ar\/diario\/armstrong-acto-del-17-de-agosto-de-2016\/\" title=\"Read more\" >&#8230;<\/a><\/p>\n","protected":false},"author":2,"featured_media":9164,"comment_status":"open","ping_status":"open","sticky":false,"template":"","format":"standard","meta":{"_jetpack_memberships_contains_paid_content":false,"footnotes":"","jetpack_publicize_message":"","jetpack_publicize_feature_enabled":true,"jetpack_social_post_already_shared":false,"jetpack_social_options":{"image_generator_settings":{"template":"highway","default_image_id":0,"enabled":false},"version":2}},"categories":[6,1,2,3],"tags":[1194,1212,2397,19],"class_list":["post-9163","post","type-post","status-publish","format-standard","has-post-thumbnail","hentry","category-cultura-entretenimiento","category-diario-armstrong","category-locales","category-region","tag-1194","tag-acto","tag-agosto","tag-de"],"jetpack_publicize_connections":[],"jetpack_featured_media_url":"https:\/\/armstrongyregion.com.ar\/diario\/wp-content\/uploads\/2016\/08\/17-ago-2016.jpg","jetpack_shortlink":"https:\/\/wp.me\/p62QDO-2nN","jetpack_sharing_enabled":true,"amp_enabled":true,"_links":{"self":[{"href":"https:\/\/armstrongyregion.com.ar\/diario\/wp-json\/wp\/v2\/posts\/9163","targetHints":{"allow":["GET"]}}],"collection":[{"href":"https:\/\/armstrongyregion.com.ar\/diario\/wp-json\/wp\/v2\/posts"}],"about":[{"href":"https:\/\/armstrongyregion.com.ar\/diario\/wp-json\/wp\/v2\/types\/post"}],"author":[{"embeddable":true,"href":"https:\/\/armstrongyregion.com.ar\/diario\/wp-json\/wp\/v2\/users\/2"}],"replies":[{"embeddable":true,"href":"https:\/\/armstrongyregion.com.ar\/diario\/wp-json\/wp\/v2\/comments?post=9163"}],"version-history":[{"count":0,"href":"https:\/\/armstrongyregion.com.ar\/diario\/wp-json\/wp\/v2\/posts\/9163\/revisions"}],"wp:featuredmedia":[{"embeddable":true,"href":"https:\/\/armstrongyregion.com.ar\/diario\/wp-json\/wp\/v2\/media\/9164"}],"wp:attachment":[{"href":"https:\/\/armstrongyregion.com.ar\/diario\/wp-json\/wp\/v2\/media?parent=9163"}],"wp:term":[{"taxonomy":"category","embeddable":true,"href":"https:\/\/armstrongyregion.com.ar\/diario\/wp-json\/wp\/v2\/categories?post=9163"},{"taxonomy":"post_tag","embeddable":true,"href":"https:\/\/armstrongyregion.com.ar\/diario\/wp-json\/wp\/v2\/tags?post=9163"}],"curies":[{"name":"wp","href":"https:\/\/api.w.org\/{rel}","templated":true}]}}