{"id":9160,"date":"2016-08-16T13:40:50","date_gmt":"2016-08-16T13:40:50","guid":{"rendered":"https:\/\/armstrongyregion.com.ar\/diario\/?p=9160"},"modified":"2016-08-16T13:40:50","modified_gmt":"2016-08-16T13:40:50","slug":"asume-jose-luis-amaya-la-conduccion-de-la-policia-de-santa-fe","status":"publish","type":"post","link":"https:\/\/armstrongyregion.com.ar\/diario\/asume-jose-luis-amaya-la-conduccion-de-la-policia-de-santa-fe\/","title":{"rendered":"Asume Jos\u00e9 Luis Amaya la conducci\u00f3n de la Polic\u00eda de Santa Fe."},"content":{"rendered":"<p><a href=\"http:\/\/armstrongyregion.com.ar\/diario\/wp-content\/uploads\/2016\/08\/amaya.jpg_1305449671.jpg\"><img loading=\"lazy\" decoding=\"async\" src=\"http:\/\/armstrongyregion.com.ar\/diario\/wp-content\/uploads\/2016\/08\/amaya.jpg_1305449671.jpg\" alt=\"amaya.jpg_1305449671\" width=\"847\" height=\"476\" class=\"alignnone size-full wp-image-9161\" srcset=\"https:\/\/armstrongyregion.com.ar\/diario\/wp-content\/uploads\/2016\/08\/amaya.jpg_1305449671.jpg 847w, https:\/\/armstrongyregion.com.ar\/diario\/wp-content\/uploads\/2016\/08\/amaya.jpg_1305449671-300x169.jpg 300w\" sizes=\"auto, (max-width: 847px) 100vw, 847px\" \/><\/a>Entra en licencia Luis Bruschi, quien fue elegido hace 4 meses por la gesti\u00f3n de Miguel Lifschitz. Trascendi\u00f3 que existen ciertas discrepancias con el ministro de Seguridad. Amaya, con 50 a\u00f1os, tiene un perfil operativo y fue jefe de Polic\u00eda de la Rosario y del Nodo 4.<\/p>\n<p>Hoy asume la jefatura de la Polic\u00eda de Santa Fe Jos\u00e9 Luis Amaya y entra en licencia Luis Bruschi, quien fue elegido hace 4 meses por la gesti\u00f3n del gobernador Miguel Lifschitz. Para las 9.30 est\u00e1 citada la plana mayor de la Polic\u00eda en Santa Fe capital.<\/p>\n<p>Seg\u00fan inform\u00f3 el periodista Hern\u00e1n Funes en Radi\u00f3polis (Radio 2), Bruschi, jefe de Polic\u00eda que puso el ministro de Seguridad Maximiliano Pullaro, pidi\u00f3 licencia pero no tiene inconvenientes de salud ni nada similar.<\/p>\n<p>Seg\u00fan fuentes allegadas al Ministerio de Seguridad y la Polic\u00eda, \u00abtienen distintos puntos de vista y descrepancias con el ministro en t\u00e9rminos estrictamente laborales\u00bb. M\u00e1s all\u00e1 de eso, en el Ministerio califican a Bruschi como una persona \u00abmuy valiosa\u00bb.<\/p>\n<p>De hecho Bruschi, sigue en carrera. Primero, porque la licencia le permite volver y, adem\u00e1s, va a concursar para conducir el Instituto de Seguridad P\u00fablica (Isep).<\/p>\n<p>Para este martes citaron en Santa Fe capital a toda la plana mayor de la polic\u00eda para las 9.30. Estar\u00e1n todos los directores generales de Polic\u00eda y los jefes de las Unidades Regionales. Se espera que el secretario de Seguridad, Omar Pereyra, comunique que el jefe de Polic\u00eda toma una licencia.<\/p>\n<p>Al menos por un tiempo, el subjefe estar\u00e1 a cargo de la provincia. Se trata del comisario general Jos\u00e9 Luis Amaya. Con 50 a\u00f1os es un hombre de calle, formado en Agrupaci\u00f3n Cuerpos y con un perfil operativo. De hecho, en el \u00faltimo tiempo recorri\u00f3 la provincia en nombre de la Jefatura de Polic\u00eda.<\/p>\n<p>Sus antecedentes recientes: fue jefe de Polic\u00eda de la Rosario y del Nodo 4. Posterioremente, desde la conducci\u00f3n de Rafael Grau y con Luis Bruschi, era el subjefe de provincia.<\/p>\n<p>Amaya ser\u00e1 secundado por el comisario general Jos\u00e9 P\u00e9rez (ex Nodo 4, actual jefe de la UR V, que es la Polic\u00eda de Rafaela). Ambos asumen la conducci\u00f3n de 22 mil hombres.<br \/>\nRosario3.Com<\/p>\n","protected":false},"excerpt":{"rendered":"<p>Entra en licencia Luis Bruschi, quien fue elegido hace 4 meses por la gesti\u00f3n de Miguel Lifschitz. Trascendi\u00f3 que existen ciertas discrepancias con el ministro de Seguridad. Amaya, con 50 a\u00f1os, tiene un perfil operativo y fue jefe de Polic\u00eda de la Rosario y del Nodo 4. Hoy asume la jefatura de la Polic\u00eda de <a href=\"https:\/\/armstrongyregion.com.ar\/diario\/asume-jose-luis-amaya-la-conduccion-de-la-policia-de-santa-fe\/\" title=\"Read more\" >&#8230;<\/a><\/p>\n","protected":false},"author":2,"featured_media":9161,"comment_status":"open","ping_status":"open","sticky":false,"template":"","format":"standard","meta":{"_jetpack_memberships_contains_paid_content":false,"footnotes":"","jetpack_publicize_message":"","jetpack_publicize_feature_enabled":true,"jetpack_social_post_already_shared":false,"jetpack_social_options":{"image_generator_settings":{"template":"highway","default_image_id":0,"enabled":false},"version":2}},"categories":[1,2,2852,3],"tags":[4287,4286,4288,19,77,772,31,1377,146,399],"class_list":["post-9160","post","type-post","status-publish","format-standard","has-post-thumbnail","hentry","category-diario-armstrong","category-locales","category-policiales","category-region","tag-amaya","tag-asume","tag-conduccion","tag-de","tag-fe","tag-jose","tag-la","tag-luis","tag-policia","tag-santa"],"jetpack_publicize_connections":[],"jetpack_featured_media_url":"https:\/\/armstrongyregion.com.ar\/diario\/wp-content\/uploads\/2016\/08\/amaya.jpg_1305449671.jpg","jetpack_shortlink":"https:\/\/wp.me\/p62QDO-2nK","jetpack_sharing_enabled":true,"amp_enabled":true,"_links":{"self":[{"href":"https:\/\/armstrongyregion.com.ar\/diario\/wp-json\/wp\/v2\/posts\/9160","targetHints":{"allow":["GET"]}}],"collection":[{"href":"https:\/\/armstrongyregion.com.ar\/diario\/wp-json\/wp\/v2\/posts"}],"about":[{"href":"https:\/\/armstrongyregion.com.ar\/diario\/wp-json\/wp\/v2\/types\/post"}],"author":[{"embeddable":true,"href":"https:\/\/armstrongyregion.com.ar\/diario\/wp-json\/wp\/v2\/users\/2"}],"replies":[{"embeddable":true,"href":"https:\/\/armstrongyregion.com.ar\/diario\/wp-json\/wp\/v2\/comments?post=9160"}],"version-history":[{"count":0,"href":"https:\/\/armstrongyregion.com.ar\/diario\/wp-json\/wp\/v2\/posts\/9160\/revisions"}],"wp:featuredmedia":[{"embeddable":true,"href":"https:\/\/armstrongyregion.com.ar\/diario\/wp-json\/wp\/v2\/media\/9161"}],"wp:attachment":[{"href":"https:\/\/armstrongyregion.com.ar\/diario\/wp-json\/wp\/v2\/media?parent=9160"}],"wp:term":[{"taxonomy":"category","embeddable":true,"href":"https:\/\/armstrongyregion.com.ar\/diario\/wp-json\/wp\/v2\/categories?post=9160"},{"taxonomy":"post_tag","embeddable":true,"href":"https:\/\/armstrongyregion.com.ar\/diario\/wp-json\/wp\/v2\/tags?post=9160"}],"curies":[{"name":"wp","href":"https:\/\/api.w.org\/{rel}","templated":true}]}}