{"id":9155,"date":"2016-08-16T01:46:13","date_gmt":"2016-08-16T01:46:13","guid":{"rendered":"https:\/\/armstrongyregion.com.ar\/diario\/?p=9155"},"modified":"2016-08-16T02:04:28","modified_gmt":"2016-08-16T02:04:28","slug":"deliberando-armstrong-las-parejas-y-las-rosas-con-actores-politicos","status":"publish","type":"post","link":"https:\/\/armstrongyregion.com.ar\/diario\/deliberando-armstrong-las-parejas-y-las-rosas-con-actores-politicos\/","title":{"rendered":"Deliberando, Armstrong, Las Parejas y Las Rosas, con actores pol\u00edticos."},"content":{"rendered":"<p><a href=\"http:\/\/armstrongyregion.com.ar\/diario\/wp-content\/uploads\/2016\/08\/DSC_0818.jpg\"><img loading=\"lazy\" decoding=\"async\" src=\"http:\/\/armstrongyregion.com.ar\/diario\/wp-content\/uploads\/2016\/08\/DSC_0818-1024x683.jpg\" alt=\"Augusto-Fischer\" width=\"800\" height=\"534\" class=\"alignnone size-large wp-image-9156\" srcset=\"https:\/\/armstrongyregion.com.ar\/diario\/wp-content\/uploads\/2016\/08\/DSC_0818-1024x683.jpg 1024w, https:\/\/armstrongyregion.com.ar\/diario\/wp-content\/uploads\/2016\/08\/DSC_0818-300x200.jpg 300w\" sizes=\"auto, (max-width: 800px) 100vw, 800px\" \/><\/a>El concejal justicialista Augusto Fischer, hablar\u00e1 sobre la gesti\u00f3n del actual gobierno municipal de Armstrong y las necesidades que no  satisfacen a los habitantes de la ciudad. Repasar\u00e1 la actualidad del peronismo en provincia y la ciudad.<br \/>\nQuien desde hace varios a\u00f1os est\u00e1 al frente de la secretaria de la producci\u00f3n de la municipalidad de Las Parejas, Profesor Fabian Mascheroni, fue designado por el ministerio de la producci\u00f3n de la naci\u00f3n como responsable de gestiones en la regi\u00f3n, ya que su localidad fue designada como una de las 30 ciudades emprendedores del pa\u00eds.<br \/>\nUna fiesta provincial que vuelve a su fecha hist\u00f3rica de realizaci\u00f3n como es la FIESTA PROVINCIAL DEL MATE, en la ciudad de Las Rosas. El director de cultura, difusi\u00f3n y educaci\u00f3n,  Fernando Butto, dar\u00e1 los detalles de la organizaci\u00f3n y la realizaci\u00f3n este a\u00f1o del \u00abPre mate\u00bb.<br \/>\nTodo este martes en DELIBERANDO, con la conducci\u00f3n de la licenciada Graciela de la Casa y Oscar Crispino.<br \/>\n21hs por Cable Imagen Armstrong.<br \/>\nJueves: 22hs por CableVision.<\/p>\n","protected":false},"excerpt":{"rendered":"<p>El concejal justicialista Augusto Fischer, hablar\u00e1 sobre la gesti\u00f3n del actual gobierno municipal de Armstrong y las necesidades que no satisfacen a los habitantes de la ciudad. Repasar\u00e1 la actualidad del peronismo en provincia y la ciudad. Quien desde hace varios a\u00f1os est\u00e1 al frente de la secretaria de la producci\u00f3n de la municipalidad de <a href=\"https:\/\/armstrongyregion.com.ar\/diario\/deliberando-armstrong-las-parejas-y-las-rosas-con-actores-politicos\/\" title=\"Read more\" >&#8230;<\/a><\/p>\n","protected":false},"author":2,"featured_media":9156,"comment_status":"open","ping_status":"open","sticky":false,"template":"","format":"standard","meta":{"_jetpack_memberships_contains_paid_content":false,"footnotes":"","jetpack_publicize_message":"","jetpack_publicize_feature_enabled":true,"jetpack_social_post_already_shared":false,"jetpack_social_options":{"image_generator_settings":{"template":"highway","default_image_id":0,"enabled":false},"version":2}},"categories":[6,8,1,2,7,3],"tags":[20,44,23,24,1491,361,13],"class_list":["post-9155","post","type-post","status-publish","format-standard","has-post-thumbnail","hentry","category-cultura-entretenimiento","category-deliberando","category-diario-armstrong","category-locales","category-politica","category-region","tag-armstrong","tag-deliberando-2","tag-las","tag-parejas","tag-politica-2","tag-rosas","tag-y"],"jetpack_publicize_connections":[],"jetpack_featured_media_url":"https:\/\/armstrongyregion.com.ar\/diario\/wp-content\/uploads\/2016\/08\/DSC_0818.jpg","jetpack_shortlink":"https:\/\/wp.me\/p62QDO-2nF","jetpack_sharing_enabled":true,"amp_enabled":true,"_links":{"self":[{"href":"https:\/\/armstrongyregion.com.ar\/diario\/wp-json\/wp\/v2\/posts\/9155","targetHints":{"allow":["GET"]}}],"collection":[{"href":"https:\/\/armstrongyregion.com.ar\/diario\/wp-json\/wp\/v2\/posts"}],"about":[{"href":"https:\/\/armstrongyregion.com.ar\/diario\/wp-json\/wp\/v2\/types\/post"}],"author":[{"embeddable":true,"href":"https:\/\/armstrongyregion.com.ar\/diario\/wp-json\/wp\/v2\/users\/2"}],"replies":[{"embeddable":true,"href":"https:\/\/armstrongyregion.com.ar\/diario\/wp-json\/wp\/v2\/comments?post=9155"}],"version-history":[{"count":0,"href":"https:\/\/armstrongyregion.com.ar\/diario\/wp-json\/wp\/v2\/posts\/9155\/revisions"}],"wp:featuredmedia":[{"embeddable":true,"href":"https:\/\/armstrongyregion.com.ar\/diario\/wp-json\/wp\/v2\/media\/9156"}],"wp:attachment":[{"href":"https:\/\/armstrongyregion.com.ar\/diario\/wp-json\/wp\/v2\/media?parent=9155"}],"wp:term":[{"taxonomy":"category","embeddable":true,"href":"https:\/\/armstrongyregion.com.ar\/diario\/wp-json\/wp\/v2\/categories?post=9155"},{"taxonomy":"post_tag","embeddable":true,"href":"https:\/\/armstrongyregion.com.ar\/diario\/wp-json\/wp\/v2\/tags?post=9155"}],"curies":[{"name":"wp","href":"https:\/\/api.w.org\/{rel}","templated":true}]}}