{"id":9145,"date":"2016-08-15T00:13:22","date_gmt":"2016-08-15T00:13:22","guid":{"rendered":"https:\/\/armstrongyregion.com.ar\/diario\/?p=9145"},"modified":"2016-08-15T00:13:22","modified_gmt":"2016-08-15T00:13:22","slug":"armstrong-la-juventud-peronista-festejo-el-dia-del-nino","status":"publish","type":"post","link":"https:\/\/armstrongyregion.com.ar\/diario\/armstrong-la-juventud-peronista-festejo-el-dia-del-nino\/","title":{"rendered":"Armstrong. La Juventud Peronista festejo el D\u00eda del Ni\u00f1o."},"content":{"rendered":"<p><a href=\"http:\/\/armstrongyregion.com.ar\/diario\/wp-content\/uploads\/2016\/08\/Juventud-Peronista-.jpg\"><img loading=\"lazy\" decoding=\"async\" src=\"http:\/\/armstrongyregion.com.ar\/diario\/wp-content\/uploads\/2016\/08\/Juventud-Peronista-.jpg\" alt=\"Juventud-Peronista-\" width=\"720\" height=\"540\" class=\"alignnone size-full wp-image-9146\" srcset=\"https:\/\/armstrongyregion.com.ar\/diario\/wp-content\/uploads\/2016\/08\/Juventud-Peronista-.jpg 720w, https:\/\/armstrongyregion.com.ar\/diario\/wp-content\/uploads\/2016\/08\/Juventud-Peronista--300x225.jpg 300w\" sizes=\"auto, (max-width: 720px) 100vw, 720px\" \/><\/a>El pasado s\u00e1bado, con m\u00e1s de 380 ni\u00f1os, la Juventud Peronista, a trav\u00e9s del taller RecreArte, celebro el D\u00eda del Ni\u00f1o en el Sal\u00f3n de la capilla Nuestra Sra. De Lujan.<br \/>\nLa tarde fue propicia para disfrutar de los peloteros , la cancha de futbol y dem\u00e1s juegos que estaban preparados en el parquecito 17 de Octubre, acompa\u00f1ado de buena m\u00fasica y el espectacular show del Circo Lumiere de la ciudad de Rosario, los chicos disfrutaron de la tarde soleada.<br \/>\nAl igual que todos los s\u00e1bados estuvo presente el riqu\u00edsimo chocolate, las tortas y facturas que fueron especialmente preparadas para esta magn\u00edfica tarde. En medio de risas, abrazos y emociones concluyo la tarde en la que todos los ni\u00f1os regresaron a sus hogares con golosinas,  cereales y las sonrisas bien grandes por haber festejado su d\u00eda.<\/p>\n","protected":false},"excerpt":{"rendered":"<p>El pasado s\u00e1bado, con m\u00e1s de 380 ni\u00f1os, la Juventud Peronista, a trav\u00e9s del taller RecreArte, celebro el D\u00eda del Ni\u00f1o en el Sal\u00f3n de la capilla Nuestra Sra. De Lujan. La tarde fue propicia para disfrutar de los peloteros , la cancha de futbol y dem\u00e1s juegos que estaban preparados en el parquecito 17 <a href=\"https:\/\/armstrongyregion.com.ar\/diario\/armstrong-la-juventud-peronista-festejo-el-dia-del-nino\/\" title=\"Read more\" >&#8230;<\/a><\/p>\n","protected":false},"author":2,"featured_media":9146,"comment_status":"open","ping_status":"open","sticky":false,"template":"","format":"standard","meta":{"_jetpack_memberships_contains_paid_content":false,"footnotes":"","jetpack_publicize_message":"","jetpack_publicize_feature_enabled":true,"jetpack_social_post_already_shared":false,"jetpack_social_options":{"image_generator_settings":{"template":"highway","default_image_id":0,"enabled":false},"version":2}},"categories":[1,2,7],"tags":[53,793,16,1789,171,31,2502,2975],"class_list":["post-9145","post","type-post","status-publish","format-standard","has-post-thumbnail","hentry","category-diario-armstrong","category-locales","category-politica","tag-del","tag-dia","tag-el","tag-festejo","tag-juventud","tag-la","tag-nino","tag-peronista"],"jetpack_publicize_connections":[],"jetpack_featured_media_url":"https:\/\/armstrongyregion.com.ar\/diario\/wp-content\/uploads\/2016\/08\/Juventud-Peronista-.jpg","jetpack_shortlink":"https:\/\/wp.me\/p62QDO-2nv","jetpack_sharing_enabled":true,"amp_enabled":true,"_links":{"self":[{"href":"https:\/\/armstrongyregion.com.ar\/diario\/wp-json\/wp\/v2\/posts\/9145","targetHints":{"allow":["GET"]}}],"collection":[{"href":"https:\/\/armstrongyregion.com.ar\/diario\/wp-json\/wp\/v2\/posts"}],"about":[{"href":"https:\/\/armstrongyregion.com.ar\/diario\/wp-json\/wp\/v2\/types\/post"}],"author":[{"embeddable":true,"href":"https:\/\/armstrongyregion.com.ar\/diario\/wp-json\/wp\/v2\/users\/2"}],"replies":[{"embeddable":true,"href":"https:\/\/armstrongyregion.com.ar\/diario\/wp-json\/wp\/v2\/comments?post=9145"}],"version-history":[{"count":0,"href":"https:\/\/armstrongyregion.com.ar\/diario\/wp-json\/wp\/v2\/posts\/9145\/revisions"}],"wp:featuredmedia":[{"embeddable":true,"href":"https:\/\/armstrongyregion.com.ar\/diario\/wp-json\/wp\/v2\/media\/9146"}],"wp:attachment":[{"href":"https:\/\/armstrongyregion.com.ar\/diario\/wp-json\/wp\/v2\/media?parent=9145"}],"wp:term":[{"taxonomy":"category","embeddable":true,"href":"https:\/\/armstrongyregion.com.ar\/diario\/wp-json\/wp\/v2\/categories?post=9145"},{"taxonomy":"post_tag","embeddable":true,"href":"https:\/\/armstrongyregion.com.ar\/diario\/wp-json\/wp\/v2\/tags?post=9145"}],"curies":[{"name":"wp","href":"https:\/\/api.w.org\/{rel}","templated":true}]}}