{"id":9133,"date":"2016-08-13T21:52:50","date_gmt":"2016-08-13T21:52:50","guid":{"rendered":"https:\/\/armstrongyregion.com.ar\/diario\/?p=9133"},"modified":"2016-08-13T21:52:50","modified_gmt":"2016-08-13T21:52:50","slug":"avanzan-preparativos-para-la-ronda-de-negocios-en-la-muestra-pyme-2016","status":"publish","type":"post","link":"https:\/\/armstrongyregion.com.ar\/diario\/avanzan-preparativos-para-la-ronda-de-negocios-en-la-muestra-pyme-2016\/","title":{"rendered":"Avanzan preparativos para la Ronda de Negocios en la Muestra Pyme 2016."},"content":{"rendered":"<p><a href=\"http:\/\/armstrongyregion.com.ar\/diario\/wp-content\/uploads\/2016\/08\/8.jpg\"><img loading=\"lazy\" decoding=\"async\" src=\"http:\/\/armstrongyregion.com.ar\/diario\/wp-content\/uploads\/2016\/08\/8.jpg\" alt=\"8\" width=\"768\" height=\"444\" class=\"alignnone size-full wp-image-9134\" srcset=\"https:\/\/armstrongyregion.com.ar\/diario\/wp-content\/uploads\/2016\/08\/8.jpg 768w, https:\/\/armstrongyregion.com.ar\/diario\/wp-content\/uploads\/2016\/08\/8-300x173.jpg 300w\" sizes=\"auto, (max-width: 768px) 100vw, 768px\" \/><\/a>Del 6 al 9 de Octubre de 2016, se desarrollar\u00e1 en la ciudad de Las Parejas, una nueva Edici\u00f3n de la MISION INVERSA con la visita de delegaciones extranjeras y din\u00e1mica en siembra, pulverizaci\u00f3n y conservaci\u00f3n de granos; organizado en conjunto desde la Municipalidad de Las Parejas con el Gobierno Nacional a trav\u00e9s del INTA y el Ministerio de la Producci\u00f3n a trav\u00e9s de la Secretaria de Articulaci\u00f3n Productiva, Pro Argentina y la Agencia Argentina de Inversiones y Comercio Exterior; el Gobierno Provincial a trav\u00e9s de la Subsecretaria de Comercio Exterior, la Fundaci\u00f3n CIDETER y el CEDIN ADIMRA.<br \/>\nEl Secretario de Industria y Desarrollo Econ\u00f3mico local, Fabi\u00e1n Mascheroni, mantuvo una reuni\u00f3n de trabajo en el Ministerio de Producci\u00f3n de la Naci\u00f3n, con autoridades nacionales y provinciales para avanzar en la organizaci\u00f3n de la nueva edici\u00f3n de la Misi\u00f3n Inversa, que se desarrollar\u00e1 en la 13 Edici\u00f3n de la Muestra Nacional de la Pyme Agroindustrial. Entre los temas abordados, se destacan toda la log\u00edstica del evento, como as\u00ed tambi\u00e9n la organizaci\u00f3n previa al evento de una capacitaci\u00f3n previa a las contrapartes argentinas participantes en temas de costos y financiamiento y negociaci\u00f3n intercultural<br \/>\nAl ser consultado sobre las expectativas del evento, el Intendente local, Compagnucci, destac\u00f3 que \u201ceste evento es muy importante para seguir abriendo nuevos mercados internacionales para las agroindustrias parejenses y de la regi\u00f3n, y destac\u00f3 que\u201d nuevos actores se suman a su organizaci\u00f3n, lo que avizora un mayor impacto y participaci\u00f3n del Evento a nivel local, regional y nacional<\/p>\n<p>La anterior Edici\u00f3n de esta Misi\u00f3n se desarroll\u00f3 en el marco de la 12 va. Edici\u00f3n de la Muestra Nacional Pyme Agroindustrial 2015. La cual dej\u00f3 un saldo muy positivo, tanto en lo cultural, educativo y en actividades que hacen al fortalecimiento del desarrollo econ\u00f3mico de la ciudad. En la Muestra expusieron m\u00e1s de 120 maquinarias (20 de ellas en din\u00e1mica a campo), 180 empresas agroindustriales, de servicios y comercios de la ciudad, la regi\u00f3n y la naci\u00f3n y en la Ronda de Negocios, participaron 14 operadores internacionales con m\u00e1s de 667 reuniones de negocios con una contraparte local de 68 empresas argentinas; un patio de comida con 13 comercios del rubro, ofreciendo una diversidad de oferta gastron\u00f3mica, carpas institucionales de organismos de la Naci\u00f3n, Provincia y Municipios y espect\u00e1culos art\u00edsticos de renombre nacional; fueron parte del marco adecuado que permiti\u00f3 que m\u00e1s de 55.000 personas visitaran la Muestra.<br \/>\nParticiparon de la reuni\u00f3n Roxana Zerillo- Coordinadora General ProArgentina y ProArgex; Gabriela Hermosid- Directora T\u00e9cnica de ProArgentina; Daniel Galaverna- Director de Promoci\u00f3n de Exportaciones de Santa Fe; Carlos Braga- Subsecretario de Comercio Exterior de Santa Fe; Esteban Ruiz Diaz- ProArgentina; Mart\u00edn Bafundo- Agencia de Promoci\u00f3n de Exportaciones y Comercio Exterior; Fabi\u00e1n Mascheroni- Secretario de Industria y Desarrollo Econ\u00f2mico de la Municipalidad de Las Parejas y Andr\u00e9s Citroni- Dpto. Comercio Internacional Fundaci\u00f3n CIDETER.<\/p>\n","protected":false},"excerpt":{"rendered":"<p>Del 6 al 9 de Octubre de 2016, se desarrollar\u00e1 en la ciudad de Las Parejas, una nueva Edici\u00f3n de la MISION INVERSA con la visita de delegaciones extranjeras y din\u00e1mica en siembra, pulverizaci\u00f3n y conservaci\u00f3n de granos; organizado en conjunto desde la Municipalidad de Las Parejas con el Gobierno Nacional a trav\u00e9s del INTA <a href=\"https:\/\/armstrongyregion.com.ar\/diario\/avanzan-preparativos-para-la-ronda-de-negocios-en-la-muestra-pyme-2016\/\" title=\"Read more\" >&#8230;<\/a><\/p>\n","protected":false},"author":2,"featured_media":9134,"comment_status":"open","ping_status":"open","sticky":false,"template":"","format":"standard","meta":{"_jetpack_memberships_contains_paid_content":false,"footnotes":"","jetpack_publicize_message":"","jetpack_publicize_feature_enabled":true,"jetpack_social_post_already_shared":false,"jetpack_social_options":{"image_generator_settings":{"template":"highway","default_image_id":0,"enabled":false},"version":2}},"categories":[1,3],"tags":[3115,19,1358,611,2432,1024],"class_list":["post-9133","post","type-post","status-publish","format-standard","has-post-thumbnail","hentry","category-diario-armstrong","category-region","tag-3115","tag-de","tag-muestra","tag-negocios","tag-pyme","tag-ronda"],"jetpack_publicize_connections":[],"jetpack_featured_media_url":"https:\/\/armstrongyregion.com.ar\/diario\/wp-content\/uploads\/2016\/08\/8.jpg","jetpack_shortlink":"https:\/\/wp.me\/p62QDO-2nj","jetpack_sharing_enabled":true,"amp_enabled":true,"_links":{"self":[{"href":"https:\/\/armstrongyregion.com.ar\/diario\/wp-json\/wp\/v2\/posts\/9133","targetHints":{"allow":["GET"]}}],"collection":[{"href":"https:\/\/armstrongyregion.com.ar\/diario\/wp-json\/wp\/v2\/posts"}],"about":[{"href":"https:\/\/armstrongyregion.com.ar\/diario\/wp-json\/wp\/v2\/types\/post"}],"author":[{"embeddable":true,"href":"https:\/\/armstrongyregion.com.ar\/diario\/wp-json\/wp\/v2\/users\/2"}],"replies":[{"embeddable":true,"href":"https:\/\/armstrongyregion.com.ar\/diario\/wp-json\/wp\/v2\/comments?post=9133"}],"version-history":[{"count":0,"href":"https:\/\/armstrongyregion.com.ar\/diario\/wp-json\/wp\/v2\/posts\/9133\/revisions"}],"wp:featuredmedia":[{"embeddable":true,"href":"https:\/\/armstrongyregion.com.ar\/diario\/wp-json\/wp\/v2\/media\/9134"}],"wp:attachment":[{"href":"https:\/\/armstrongyregion.com.ar\/diario\/wp-json\/wp\/v2\/media?parent=9133"}],"wp:term":[{"taxonomy":"category","embeddable":true,"href":"https:\/\/armstrongyregion.com.ar\/diario\/wp-json\/wp\/v2\/categories?post=9133"},{"taxonomy":"post_tag","embeddable":true,"href":"https:\/\/armstrongyregion.com.ar\/diario\/wp-json\/wp\/v2\/tags?post=9133"}],"curies":[{"name":"wp","href":"https:\/\/api.w.org\/{rel}","templated":true}]}}