{"id":9122,"date":"2016-08-12T16:17:01","date_gmt":"2016-08-12T16:17:01","guid":{"rendered":"https:\/\/armstrongyregion.com.ar\/diario\/?p=9122"},"modified":"2016-08-12T16:24:56","modified_gmt":"2016-08-12T16:24:56","slug":"quedo-habilitado-en-armstrong-el-centro-territorial-de-denuncias","status":"publish","type":"post","link":"https:\/\/armstrongyregion.com.ar\/diario\/quedo-habilitado-en-armstrong-el-centro-territorial-de-denuncias\/","title":{"rendered":"Qued\u00f3 habilitado en Armstrong el Sistema de informaci\u00f3n \u00fanico Criminal."},"content":{"rendered":"<p><a href=\"http:\/\/armstrongyregion.com.ar\/diario\/wp-content\/uploads\/2016\/08\/centro-denuncias-.jpg\"><img loading=\"lazy\" decoding=\"async\" src=\"http:\/\/armstrongyregion.com.ar\/diario\/wp-content\/uploads\/2016\/08\/centro-denuncias-.jpg\" alt=\"centro-denuncias-\" width=\"768\" height=\"503\" class=\"alignnone size-full wp-image-9123\" srcset=\"https:\/\/armstrongyregion.com.ar\/diario\/wp-content\/uploads\/2016\/08\/centro-denuncias-.jpg 768w, https:\/\/armstrongyregion.com.ar\/diario\/wp-content\/uploads\/2016\/08\/centro-denuncias--300x196.jpg 300w\" sizes=\"auto, (max-width: 768px) 100vw, 768px\" \/><\/a>En la Comisar\u00eda III se realiz\u00f3 la presentaci\u00f3n el dia jueves por la tarde, de dicha modalidad. Con la presencia de Armando Faraoni y Juan Ignacio Di Vanni representantes del Ministerio de Seguridad Provincial, el intendente Dr. Pablo Verdecchia y el Jefe de la Comisaria Claudio Blanco.<br \/>\nSeg\u00fan Faraoni, \u201cEste es un sistema de uso interno, sirve para tener informaci\u00f3n en tiempo real de los delitos  que est\u00e9n ocurriendo en la zona\u201d.<br \/>\nMientras que Di Vianni agreg\u00f3: \u201cA partir de hoy, los ciudadanos solo con su identificaci\u00f3n  podr\u00e1n realizar la denuncia de un delito en este sistema digital nuevo, donde v\u00eda on line, la Fiscal\u00eda contara con dicha informaci\u00f3n en tiempo real\u201d.<\/p>\n","protected":false},"excerpt":{"rendered":"<p>En la Comisar\u00eda III se realiz\u00f3 la presentaci\u00f3n el dia jueves por la tarde, de dicha modalidad. Con la presencia de Armando Faraoni y Juan Ignacio Di Vanni representantes del Ministerio de Seguridad Provincial, el intendente Dr. Pablo Verdecchia y el Jefe de la Comisaria Claudio Blanco. Seg\u00fan Faraoni, \u201cEste es un sistema de uso <a href=\"https:\/\/armstrongyregion.com.ar\/diario\/quedo-habilitado-en-armstrong-el-centro-territorial-de-denuncias\/\" title=\"Read more\" >&#8230;<\/a><\/p>\n","protected":false},"author":2,"featured_media":9123,"comment_status":"open","ping_status":"open","sticky":false,"template":"","format":"standard","meta":{"_jetpack_memberships_contains_paid_content":false,"footnotes":"","jetpack_publicize_message":"","jetpack_publicize_feature_enabled":true,"jetpack_social_post_already_shared":false,"jetpack_social_options":{"image_generator_settings":{"template":"highway","default_image_id":0,"enabled":false},"version":2}},"categories":[1,2,2852],"tags":[21,19,454,4059,1661,4281],"class_list":["post-9122","post","type-post","status-publish","format-standard","has-post-thumbnail","hentry","category-diario-armstrong","category-locales","category-policiales","tag-centro","tag-de","tag-denuncias","tag-habilitado","tag-quedo","tag-territorial"],"jetpack_publicize_connections":[],"jetpack_featured_media_url":"https:\/\/armstrongyregion.com.ar\/diario\/wp-content\/uploads\/2016\/08\/centro-denuncias-.jpg","jetpack_shortlink":"https:\/\/wp.me\/p62QDO-2n8","jetpack_sharing_enabled":true,"amp_enabled":true,"_links":{"self":[{"href":"https:\/\/armstrongyregion.com.ar\/diario\/wp-json\/wp\/v2\/posts\/9122","targetHints":{"allow":["GET"]}}],"collection":[{"href":"https:\/\/armstrongyregion.com.ar\/diario\/wp-json\/wp\/v2\/posts"}],"about":[{"href":"https:\/\/armstrongyregion.com.ar\/diario\/wp-json\/wp\/v2\/types\/post"}],"author":[{"embeddable":true,"href":"https:\/\/armstrongyregion.com.ar\/diario\/wp-json\/wp\/v2\/users\/2"}],"replies":[{"embeddable":true,"href":"https:\/\/armstrongyregion.com.ar\/diario\/wp-json\/wp\/v2\/comments?post=9122"}],"version-history":[{"count":0,"href":"https:\/\/armstrongyregion.com.ar\/diario\/wp-json\/wp\/v2\/posts\/9122\/revisions"}],"wp:featuredmedia":[{"embeddable":true,"href":"https:\/\/armstrongyregion.com.ar\/diario\/wp-json\/wp\/v2\/media\/9123"}],"wp:attachment":[{"href":"https:\/\/armstrongyregion.com.ar\/diario\/wp-json\/wp\/v2\/media?parent=9122"}],"wp:term":[{"taxonomy":"category","embeddable":true,"href":"https:\/\/armstrongyregion.com.ar\/diario\/wp-json\/wp\/v2\/categories?post=9122"},{"taxonomy":"post_tag","embeddable":true,"href":"https:\/\/armstrongyregion.com.ar\/diario\/wp-json\/wp\/v2\/tags?post=9122"}],"curies":[{"name":"wp","href":"https:\/\/api.w.org\/{rel}","templated":true}]}}