{"id":912,"date":"2015-02-18T16:34:40","date_gmt":"2015-02-18T16:34:40","guid":{"rendered":"https:\/\/armstrongyregion.com.ar\/diario\/?p=912"},"modified":"2015-02-18T16:34:41","modified_gmt":"2015-02-18T16:34:41","slug":"crossetti-se-reunio-con-representantes-del-sindicato-de-luz-y-fuerza","status":"publish","type":"post","link":"https:\/\/armstrongyregion.com.ar\/diario\/crossetti-se-reunio-con-representantes-del-sindicato-de-luz-y-fuerza\/","title":{"rendered":"Crossetti se reuni\u00f3 con representantes del sindicato de Luz y Fuerza."},"content":{"rendered":"<p><a href=\"http:\/\/armstrongyregion.com.ar\/diario\/wp-content\/uploads\/2015\/02\/crossetti.jpg\"><img loading=\"lazy\" decoding=\"async\" class=\"alignnone size-full wp-image-913\" src=\"http:\/\/armstrongyregion.com.ar\/diario\/wp-content\/uploads\/2015\/02\/crossetti.jpg\" alt=\"crossetti\" width=\"218\" height=\"123\" \/><\/a>El Jueves pr\u00f3ximo pasado el Senador Provincial, Alberto Crossetti se reuni\u00f3n con representantes del sindicato de Luz y Fuerza en la filial Ca\u00f1ada de Gomez. Presentes en el encuentro: Secretario Gral. Gustavo Aguilera; Sub Secretario Gral. Horacio Maccari; Secretario Gremial, Dar\u00edo Pascual; Sub Secretario Gremial, Francisco Capomayi; Delegado de Montes de Oca, Miguel Bonalumi; Delegado de Las Parejas, Daniel Brue.<br \/>\nSe trataron temas como el desarrollo de la industria en el dpto. Belgrano con el consiguiente consumo de energ\u00eda y la necesidad de contar con mayor infraestructura y personal en la empresa; tener m\u00e1s movilidad y que sean camionetas 4 x 4 para recorrer la zona rural. Contar con la estaci\u00f3n transformadora y un veh\u00edculo nuevo en la Ciudad de Las Parejas.<br \/>\nEl Senador junto a la buena predisposici\u00f3n e inter\u00e9s demostrado desde el Sindicato abordaron la problem\u00e1tica de la zona rural de Bouquet y dem\u00e1s distritos que con las inclemencias clim\u00e1ticas se producen con frecuencia cortes en el suministro de energ\u00eda el\u00e9ctrica, por lo que se decidi\u00f3 aunar esfuerzos para insistir en el Directorio de la Empresa Provincial de la Energ\u00eda en la pronta soluci\u00f3n de las necesidades del sector y los inconvenientes de los usuarios del servicio.<\/p>\n","protected":false},"excerpt":{"rendered":"<p>El Jueves pr\u00f3ximo pasado el Senador Provincial, Alberto Crossetti se reuni\u00f3n con representantes del sindicato de Luz y Fuerza en la filial Ca\u00f1ada de Gomez. Presentes en el encuentro: Secretario Gral. Gustavo Aguilera; Sub Secretario Gral. Horacio Maccari; Secretario Gremial, Dar\u00edo Pascual; Sub Secretario Gremial, Francisco Capomayi; Delegado de Montes de Oca, Miguel Bonalumi; Delegado <a href=\"https:\/\/armstrongyregion.com.ar\/diario\/crossetti-se-reunio-con-representantes-del-sindicato-de-luz-y-fuerza\/\" title=\"Read more\" >&#8230;<\/a><\/p>\n","protected":false},"author":2,"featured_media":913,"comment_status":"open","ping_status":"open","sticky":false,"template":"","format":"standard","meta":{"_jetpack_memberships_contains_paid_content":false,"footnotes":"","jetpack_publicize_message":"","jetpack_publicize_feature_enabled":true,"jetpack_social_post_already_shared":false,"jetpack_social_options":{"image_generator_settings":{"template":"highway","default_image_id":0,"enabled":false},"version":2}},"categories":[1,7],"tags":[100,239,19,53,881,880,859,343,86,879,13],"class_list":["post-912","post","type-post","status-publish","format-standard","has-post-thumbnail","hentry","category-diario-armstrong","category-politica","tag-con","tag-crossetti","tag-de","tag-del","tag-fuerza","tag-luz","tag-representantes","tag-reunio","tag-se","tag-sindicato","tag-y"],"jetpack_publicize_connections":[],"jetpack_featured_media_url":"https:\/\/armstrongyregion.com.ar\/diario\/wp-content\/uploads\/2015\/02\/crossetti.jpg","jetpack_shortlink":"https:\/\/wp.me\/p62QDO-eI","jetpack_sharing_enabled":true,"amp_enabled":true,"_links":{"self":[{"href":"https:\/\/armstrongyregion.com.ar\/diario\/wp-json\/wp\/v2\/posts\/912","targetHints":{"allow":["GET"]}}],"collection":[{"href":"https:\/\/armstrongyregion.com.ar\/diario\/wp-json\/wp\/v2\/posts"}],"about":[{"href":"https:\/\/armstrongyregion.com.ar\/diario\/wp-json\/wp\/v2\/types\/post"}],"author":[{"embeddable":true,"href":"https:\/\/armstrongyregion.com.ar\/diario\/wp-json\/wp\/v2\/users\/2"}],"replies":[{"embeddable":true,"href":"https:\/\/armstrongyregion.com.ar\/diario\/wp-json\/wp\/v2\/comments?post=912"}],"version-history":[{"count":0,"href":"https:\/\/armstrongyregion.com.ar\/diario\/wp-json\/wp\/v2\/posts\/912\/revisions"}],"wp:featuredmedia":[{"embeddable":true,"href":"https:\/\/armstrongyregion.com.ar\/diario\/wp-json\/wp\/v2\/media\/913"}],"wp:attachment":[{"href":"https:\/\/armstrongyregion.com.ar\/diario\/wp-json\/wp\/v2\/media?parent=912"}],"wp:term":[{"taxonomy":"category","embeddable":true,"href":"https:\/\/armstrongyregion.com.ar\/diario\/wp-json\/wp\/v2\/categories?post=912"},{"taxonomy":"post_tag","embeddable":true,"href":"https:\/\/armstrongyregion.com.ar\/diario\/wp-json\/wp\/v2\/tags?post=912"}],"curies":[{"name":"wp","href":"https:\/\/api.w.org\/{rel}","templated":true}]}}