{"id":9119,"date":"2016-08-12T14:25:44","date_gmt":"2016-08-12T14:25:44","guid":{"rendered":"https:\/\/armstrongyregion.com.ar\/diario\/?p=9119"},"modified":"2016-08-12T14:25:44","modified_gmt":"2016-08-12T14:25:44","slug":"aparecio-un-auto-volcado-en-ruta-nacional-n-178","status":"publish","type":"post","link":"https:\/\/armstrongyregion.com.ar\/diario\/aparecio-un-auto-volcado-en-ruta-nacional-n-178\/","title":{"rendered":"Apareci\u00f3 un auto volcado en Ruta Nacional N\u00b0 178."},"content":{"rendered":"<p><a href=\"http:\/\/armstrongyregion.com.ar\/diario\/wp-content\/uploads\/2016\/08\/bomberos-.jpg\"><img loading=\"lazy\" decoding=\"async\" src=\"http:\/\/armstrongyregion.com.ar\/diario\/wp-content\/uploads\/2016\/08\/bomberos-.jpg\" alt=\"bomberos-\" width=\"960\" height=\"539\" class=\"alignnone size-full wp-image-9120\" srcset=\"https:\/\/armstrongyregion.com.ar\/diario\/wp-content\/uploads\/2016\/08\/bomberos-.jpg 960w, https:\/\/armstrongyregion.com.ar\/diario\/wp-content\/uploads\/2016\/08\/bomberos--300x168.jpg 300w\" sizes=\"auto, (max-width: 960px) 100vw, 960px\" \/><\/a>En la ma\u00f1ana de hoy, el Cuerpo Activo de Bomberos Voluntarios, fue convocado hacia la ruta 178 que va a Villa Elo\u00edsa km 155, donde un veh\u00edculo se hallaba tumbado sobre la banquina oeste.<br \/>\nSe trata de un Ford Galaxy, color negro, que era conducido por el Sr. Jorge Lizarraga, domiciliado en Armstrong, seg\u00fan su relato perdi\u00f3 el control del mismo, tras el reventon de un neum\u00e1tico. Se pudo conocer que el accidente se produjo anoche y afortunadamente sin consecuencias para Lizarraga.<\/p>\n","protected":false},"excerpt":{"rendered":"<p>En la ma\u00f1ana de hoy, el Cuerpo Activo de Bomberos Voluntarios, fue convocado hacia la ruta 178 que va a Villa Elo\u00edsa km 155, donde un veh\u00edculo se hallaba tumbado sobre la banquina oeste. Se trata de un Ford Galaxy, color negro, que era conducido por el Sr. Jorge Lizarraga, domiciliado en Armstrong, seg\u00fan su <a href=\"https:\/\/armstrongyregion.com.ar\/diario\/aparecio-un-auto-volcado-en-ruta-nacional-n-178\/\" title=\"Read more\" >&#8230;<\/a><\/p>\n","protected":false},"author":2,"featured_media":9120,"comment_status":"open","ping_status":"open","sticky":false,"template":"","format":"standard","meta":{"_jetpack_memberships_contains_paid_content":false,"footnotes":"","jetpack_publicize_message":"","jetpack_publicize_feature_enabled":true,"jetpack_social_post_already_shared":false,"jetpack_social_options":{"image_generator_settings":{"template":"highway","default_image_id":0,"enabled":false},"version":2}},"categories":[1,2,3],"tags":[2082,1933,193,15,1123,621,484,192,4280],"class_list":["post-9119","post","type-post","status-publish","format-standard","has-post-thumbnail","hentry","category-diario-armstrong","category-locales","category-region","tag-2082","tag-aparecio","tag-auto","tag-en","tag-n","tag-nacional","tag-ruta","tag-un","tag-volcado"],"jetpack_publicize_connections":[],"jetpack_featured_media_url":"https:\/\/armstrongyregion.com.ar\/diario\/wp-content\/uploads\/2016\/08\/bomberos-.jpg","jetpack_shortlink":"https:\/\/wp.me\/p62QDO-2n5","jetpack_sharing_enabled":true,"amp_enabled":true,"_links":{"self":[{"href":"https:\/\/armstrongyregion.com.ar\/diario\/wp-json\/wp\/v2\/posts\/9119","targetHints":{"allow":["GET"]}}],"collection":[{"href":"https:\/\/armstrongyregion.com.ar\/diario\/wp-json\/wp\/v2\/posts"}],"about":[{"href":"https:\/\/armstrongyregion.com.ar\/diario\/wp-json\/wp\/v2\/types\/post"}],"author":[{"embeddable":true,"href":"https:\/\/armstrongyregion.com.ar\/diario\/wp-json\/wp\/v2\/users\/2"}],"replies":[{"embeddable":true,"href":"https:\/\/armstrongyregion.com.ar\/diario\/wp-json\/wp\/v2\/comments?post=9119"}],"version-history":[{"count":0,"href":"https:\/\/armstrongyregion.com.ar\/diario\/wp-json\/wp\/v2\/posts\/9119\/revisions"}],"wp:featuredmedia":[{"embeddable":true,"href":"https:\/\/armstrongyregion.com.ar\/diario\/wp-json\/wp\/v2\/media\/9120"}],"wp:attachment":[{"href":"https:\/\/armstrongyregion.com.ar\/diario\/wp-json\/wp\/v2\/media?parent=9119"}],"wp:term":[{"taxonomy":"category","embeddable":true,"href":"https:\/\/armstrongyregion.com.ar\/diario\/wp-json\/wp\/v2\/categories?post=9119"},{"taxonomy":"post_tag","embeddable":true,"href":"https:\/\/armstrongyregion.com.ar\/diario\/wp-json\/wp\/v2\/tags?post=9119"}],"curies":[{"name":"wp","href":"https:\/\/api.w.org\/{rel}","templated":true}]}}