{"id":9099,"date":"2016-08-11T12:34:15","date_gmt":"2016-08-11T12:34:15","guid":{"rendered":"https:\/\/armstrongyregion.com.ar\/diario\/?p=9099"},"modified":"2016-08-11T12:36:14","modified_gmt":"2016-08-11T12:36:14","slug":"armstrong-charla-sobre-ahorro-de-gas-y-electricidad","status":"publish","type":"post","link":"https:\/\/armstrongyregion.com.ar\/diario\/armstrong-charla-sobre-ahorro-de-gas-y-electricidad\/","title":{"rendered":"Armstrong. Charla sobre ahorro de gas y electricidad."},"content":{"rendered":"<p><a href=\"http:\/\/armstrongyregion.com.ar\/diario\/wp-content\/uploads\/2016\/08\/ahorrar-energia-y-gas-santa-fe.jpg\"><img loading=\"lazy\" decoding=\"async\" src=\"http:\/\/armstrongyregion.com.ar\/diario\/wp-content\/uploads\/2016\/08\/ahorrar-energia-y-gas-santa-fe.jpg\" alt=\"ahorrar energia y gas santa fe\" width=\"768\" height=\"503\" class=\"alignnone size-full wp-image-9100\" srcset=\"https:\/\/armstrongyregion.com.ar\/diario\/wp-content\/uploads\/2016\/08\/ahorrar-energia-y-gas-santa-fe.jpg 768w, https:\/\/armstrongyregion.com.ar\/diario\/wp-content\/uploads\/2016\/08\/ahorrar-energia-y-gas-santa-fe-300x196.jpg 300w\" sizes=\"auto, (max-width: 768px) 100vw, 768px\" \/><\/a>La Municipalidad de Armstrong junto a la Secretar\u00eda de Estado de la Energ\u00eda de la Provincia de Santa Fe invitan a la charla sobre el uso eficiente y racional de la energ\u00eda que se realizar\u00e1 el jueves 11 de agosto a las 18:30 hs. en el sal\u00f3n Delmo Dar\u00f3.<br \/>\nEl tema central que se tratar\u00e1 ser\u00e1 c\u00f3mo ahorrar gas y electricidad, tema muy vigente hoy en la sociedad y, si bien las medidas judiciales atrasaron un poco el aumento en las tarifas, es una cuesti\u00f3n muy importante para que la gente empiece a tener ciertos h\u00e1bitos y costumbres que permitan ahorrar estos recursos.<br \/>\nEste encuentro est\u00e1 dirigido a toda la poblaci\u00f3n, usuarios residenciales, comercios, industrias, prestadores de servicios, y se contar\u00e1 con la presencia de especialistas integrantes de la Secretar\u00eda mencionada a quienes se les podr\u00e1 preguntar e intercambiar opiniones, y tomar nota de ciertos tips que permitan ser m\u00e1s eficientes en el uso  de este tipo de energ\u00eda.<\/p>\n","protected":false},"excerpt":{"rendered":"<p>La Municipalidad de Armstrong junto a la Secretar\u00eda de Estado de la Energ\u00eda de la Provincia de Santa Fe invitan a la charla sobre el uso eficiente y racional de la energ\u00eda que se realizar\u00e1 el jueves 11 de agosto a las 18:30 hs. en el sal\u00f3n Delmo Dar\u00f3. El tema central que se tratar\u00e1 <a href=\"https:\/\/armstrongyregion.com.ar\/diario\/armstrong-charla-sobre-ahorro-de-gas-y-electricidad\/\" title=\"Read more\" >&#8230;<\/a><\/p>\n","protected":false},"author":2,"featured_media":9100,"comment_status":"open","ping_status":"open","sticky":false,"template":"","format":"standard","meta":{"_jetpack_memberships_contains_paid_content":false,"footnotes":"","jetpack_publicize_message":"","jetpack_publicize_feature_enabled":true,"jetpack_social_post_already_shared":false,"jetpack_social_options":{"image_generator_settings":{"template":"highway","default_image_id":0,"enabled":false},"version":2}},"categories":[6,1,2],"tags":[4278,432,19,1800,3944,118,13],"class_list":["post-9099","post","type-post","status-publish","format-standard","has-post-thumbnail","hentry","category-cultura-entretenimiento","category-diario-armstrong","category-locales","tag-ahorro","tag-charla","tag-de","tag-energia","tag-gas","tag-sobre","tag-y"],"jetpack_publicize_connections":[],"jetpack_featured_media_url":"https:\/\/armstrongyregion.com.ar\/diario\/wp-content\/uploads\/2016\/08\/ahorrar-energia-y-gas-santa-fe.jpg","jetpack_shortlink":"https:\/\/wp.me\/p62QDO-2mL","jetpack_sharing_enabled":true,"amp_enabled":true,"_links":{"self":[{"href":"https:\/\/armstrongyregion.com.ar\/diario\/wp-json\/wp\/v2\/posts\/9099","targetHints":{"allow":["GET"]}}],"collection":[{"href":"https:\/\/armstrongyregion.com.ar\/diario\/wp-json\/wp\/v2\/posts"}],"about":[{"href":"https:\/\/armstrongyregion.com.ar\/diario\/wp-json\/wp\/v2\/types\/post"}],"author":[{"embeddable":true,"href":"https:\/\/armstrongyregion.com.ar\/diario\/wp-json\/wp\/v2\/users\/2"}],"replies":[{"embeddable":true,"href":"https:\/\/armstrongyregion.com.ar\/diario\/wp-json\/wp\/v2\/comments?post=9099"}],"version-history":[{"count":0,"href":"https:\/\/armstrongyregion.com.ar\/diario\/wp-json\/wp\/v2\/posts\/9099\/revisions"}],"wp:featuredmedia":[{"embeddable":true,"href":"https:\/\/armstrongyregion.com.ar\/diario\/wp-json\/wp\/v2\/media\/9100"}],"wp:attachment":[{"href":"https:\/\/armstrongyregion.com.ar\/diario\/wp-json\/wp\/v2\/media?parent=9099"}],"wp:term":[{"taxonomy":"category","embeddable":true,"href":"https:\/\/armstrongyregion.com.ar\/diario\/wp-json\/wp\/v2\/categories?post=9099"},{"taxonomy":"post_tag","embeddable":true,"href":"https:\/\/armstrongyregion.com.ar\/diario\/wp-json\/wp\/v2\/tags?post=9099"}],"curies":[{"name":"wp","href":"https:\/\/api.w.org\/{rel}","templated":true}]}}