{"id":909,"date":"2015-02-18T16:30:18","date_gmt":"2015-02-18T16:30:18","guid":{"rendered":"https:\/\/armstrongyregion.com.ar\/diario\/?p=909"},"modified":"2015-02-18T16:30:18","modified_gmt":"2015-02-18T16:30:18","slug":"con-mil-personas-en-colectividades-el-municipio-inicio-canada-de-carnavales","status":"publish","type":"post","link":"https:\/\/armstrongyregion.com.ar\/diario\/con-mil-personas-en-colectividades-el-municipio-inicio-canada-de-carnavales\/","title":{"rendered":"Con mil personas en colectividades el municipio inici\u00f3 \u201cCa\u00f1ada de Carnavales\u201d."},"content":{"rendered":"<p><a href=\"http:\/\/armstrongyregion.com.ar\/diario\/wp-content\/uploads\/2015\/02\/carnaval-ca\u00f1ada..jpg\"><img loading=\"lazy\" decoding=\"async\" class=\"alignnone size-full wp-image-910\" src=\"http:\/\/armstrongyregion.com.ar\/diario\/wp-content\/uploads\/2015\/02\/carnaval-ca\u00f1ada..jpg\" alt=\"carnaval ca\u00f1ada.\" width=\"218\" height=\"146\" \/><\/a>Stella Cl\u00e9rici augur\u00f3 una participaci\u00f3n multitudinaria para el baile de carnaval del pr\u00f3ximo s\u00e1bado en Plaza San Mart\u00edn. Anoche, Urraka cautiv\u00f3<br \/>\nal p\u00fablico con su original espect\u00e1culo de percusi\u00f3n con objetos.<\/p>\n<p>La Plaza de Colectividades, con un marco especial por el carnaval, fue el lugar elegido por la gesti\u00f3n municipal para que las familias<br \/>\nca\u00f1adenses puedan disfrutar del espect\u00e1culo de m\u00fasica con elementos reciclados que llev\u00f3 adelante el Grupo Urraka, mientras los m\u00e1s chicos<br \/>\nse divert\u00edan entre las ornamentaciones festivas de la Plaza.<br \/>\n\u201cLa presentaci\u00f3n de Urraka es un reconocimiento a Tato Fern\u00e1ndez, el primer Luthier de la ciudad\u201d, expres\u00f3 la intendenta Stella Cl\u00e9rici quien<br \/>\nadem\u00e1s anunci\u00f3 que las actividades de \u201cCa\u00f1ada de Carnaval\u201d continuar\u00e1n el pr\u00f3ximo s\u00e1bado 21 con la comparsa Maring\u00e1. Desde Plaza de<br \/>\nColectividades a Plaza San Mart\u00edn desfilar\u00e1n adem\u00e1s las murgas de clubes y colonias de la ciudad y finalizar\u00e1 con baile callejero con \u201cLos<br \/>\nmusiqueros de Santa Fe\u201d.<br \/>\n\u201cEl carnaval vuelve a la ciudad y la Plaza de Yrigoyen y Ocampo permanecer\u00e1 durante todo el mes de febrero con las intervenciones<br \/>\ntem\u00e1ticas\u201d, concluy\u00f3.<\/p>\n","protected":false},"excerpt":{"rendered":"<p>Stella Cl\u00e9rici augur\u00f3 una participaci\u00f3n multitudinaria para el baile de carnaval del pr\u00f3ximo s\u00e1bado en Plaza San Mart\u00edn. Anoche, Urraka cautiv\u00f3 al p\u00fablico con su original espect\u00e1culo de percusi\u00f3n con objetos. La Plaza de Colectividades, con un marco especial por el carnaval, fue el lugar elegido por la gesti\u00f3n municipal para que las familias ca\u00f1adenses <a href=\"https:\/\/armstrongyregion.com.ar\/diario\/con-mil-personas-en-colectividades-el-municipio-inicio-canada-de-carnavales\/\" title=\"Read more\" >&#8230;<\/a><\/p>\n","protected":false},"author":2,"featured_media":910,"comment_status":"open","ping_status":"open","sticky":false,"template":"","format":"standard","meta":{"_jetpack_memberships_contains_paid_content":false,"footnotes":"","jetpack_publicize_message":"","jetpack_publicize_feature_enabled":true,"jetpack_social_post_already_shared":false,"jetpack_social_options":{"image_generator_settings":{"template":"highway","default_image_id":0,"enabled":false},"version":2}},"categories":[1,3],"tags":[163,810,878,100,19,16,15,174,114,217,696],"class_list":["post-909","post","type-post","status-publish","format-standard","has-post-thumbnail","hentry","category-diario-armstrong","category-region","tag-canada","tag-carnavales","tag-colectividades","tag-con","tag-de","tag-el","tag-en","tag-inicio","tag-mil","tag-municipio","tag-personas"],"jetpack_publicize_connections":[],"jetpack_featured_media_url":"https:\/\/armstrongyregion.com.ar\/diario\/wp-content\/uploads\/2015\/02\/carnaval-ca\u00f1ada..jpg","jetpack_shortlink":"https:\/\/wp.me\/p62QDO-eF","jetpack_sharing_enabled":true,"amp_enabled":true,"_links":{"self":[{"href":"https:\/\/armstrongyregion.com.ar\/diario\/wp-json\/wp\/v2\/posts\/909","targetHints":{"allow":["GET"]}}],"collection":[{"href":"https:\/\/armstrongyregion.com.ar\/diario\/wp-json\/wp\/v2\/posts"}],"about":[{"href":"https:\/\/armstrongyregion.com.ar\/diario\/wp-json\/wp\/v2\/types\/post"}],"author":[{"embeddable":true,"href":"https:\/\/armstrongyregion.com.ar\/diario\/wp-json\/wp\/v2\/users\/2"}],"replies":[{"embeddable":true,"href":"https:\/\/armstrongyregion.com.ar\/diario\/wp-json\/wp\/v2\/comments?post=909"}],"version-history":[{"count":0,"href":"https:\/\/armstrongyregion.com.ar\/diario\/wp-json\/wp\/v2\/posts\/909\/revisions"}],"wp:featuredmedia":[{"embeddable":true,"href":"https:\/\/armstrongyregion.com.ar\/diario\/wp-json\/wp\/v2\/media\/910"}],"wp:attachment":[{"href":"https:\/\/armstrongyregion.com.ar\/diario\/wp-json\/wp\/v2\/media?parent=909"}],"wp:term":[{"taxonomy":"category","embeddable":true,"href":"https:\/\/armstrongyregion.com.ar\/diario\/wp-json\/wp\/v2\/categories?post=909"},{"taxonomy":"post_tag","embeddable":true,"href":"https:\/\/armstrongyregion.com.ar\/diario\/wp-json\/wp\/v2\/tags?post=909"}],"curies":[{"name":"wp","href":"https:\/\/api.w.org\/{rel}","templated":true}]}}