{"id":9074,"date":"2016-08-10T14:53:07","date_gmt":"2016-08-10T14:53:07","guid":{"rendered":"https:\/\/armstrongyregion.com.ar\/diario\/?p=9074"},"modified":"2016-08-10T14:53:07","modified_gmt":"2016-08-10T14:53:07","slug":"canada-de-gomez-proponen-un-tribunal-de-cuentas-municipal","status":"publish","type":"post","link":"https:\/\/armstrongyregion.com.ar\/diario\/canada-de-gomez-proponen-un-tribunal-de-cuentas-municipal\/","title":{"rendered":"Ca\u00f1ada de G\u00f3mez. Proponen un tribunal de cuentas municipal."},"content":{"rendered":"<p><a href=\"http:\/\/armstrongyregion.com.ar\/diario\/wp-content\/uploads\/2016\/08\/Municipalidad-1.jpg\"><img loading=\"lazy\" decoding=\"async\" src=\"http:\/\/armstrongyregion.com.ar\/diario\/wp-content\/uploads\/2016\/08\/Municipalidad-1.jpg\" alt=\"Muni-Ca\u00f1ada-\" width=\"768\" height=\"576\" class=\"alignnone size-full wp-image-9075\" srcset=\"https:\/\/armstrongyregion.com.ar\/diario\/wp-content\/uploads\/2016\/08\/Municipalidad-1.jpg 768w, https:\/\/armstrongyregion.com.ar\/diario\/wp-content\/uploads\/2016\/08\/Municipalidad-1-300x225.jpg 300w\" sizes=\"auto, (max-width: 768px) 100vw, 768px\" \/><\/a>El proyecto de ordenanza fue presentado por el Frente Progresista, C\u00edvico y Social. Sus actividades ser\u00e1n el control externo de la gesti\u00f3n econ\u00f3mica financiera y patrimonial del municipio, la supervisi\u00f3n de legalidad de los actos administrativos y mejorar la eficiencia y eficacia en las intervenciones p\u00fablicas.<\/p>\n<p>FUENTE: PERIODICO EL INFORME DE LA CIUDAD (CA\u00d1ADA DE GOMEZ)<\/p>\n<p>El bloque de concejales del Frente Progresista, C\u00edvico y Social, integrado por Mat\u00edas Chale, Fernando Mauroni y Luciano Travaglino, present\u00f3 un proyecto de ordenanza en la \u00faltima sesi\u00f3n para la creaci\u00f3n del TRIBUNAL DE CUENTAS MUNICIPAL en el \u00e1mbito de la Municipalidad de Ca\u00f1ada de G\u00f3mez, cualquiera de sus poderes, entes descentralizados y aut\u00e1rquicos, creados o a crearse.<br \/>\nEl personal necesario para la puesta en marcha del Tribunal de Cuentas surgir\u00e1 de un concurso de oposici\u00f3n y antecedes cuyo tribunal estar\u00e1 integrando por un miembro representante del Colegio de Abogados con representaci\u00f3n en la ciudad, un miembro representante del Colegio de Contadores en la ciudad, un miembro representante del Concejo Municipal y un miembro representante de los trabajadores del municipio representados por SITRAM.<br \/>\nEl Tribunal de Cuentas tendr\u00e1 por funciones revisar las cuentas de la administraci\u00f3n municipal; efectuar el control de legalidad de los actos administrativos; dictaminar ante el Concejo Municipal sobre la cuenta de inversi\u00f3n del Departamento Ejecutivo, del propio Concejo y de los balances de los organismos aut\u00e1rquicos o descentralizados e iniciar, tramitar y resolver el juicio de responsabilidad a todo obligado a rendir cuentas a la Municipalidad cuando exista presunci\u00f3n de haber causado perjuicio patrimonial al erario municipal. <\/p>\n<p>FACULTADES<br \/>\nAdem\u00e1s el Tribunal de Cuentas tendr\u00e1 facultad plena para dictar su propio reglamento interno; disponer su propia estructura y composici\u00f3n, y solicitar la afectaci\u00f3n de la correspondiente partida presupuestaria; fijar las normas a las cuales deber\u00e1n ajustarse las rendiciones de cuentas, elaboraci\u00f3n de informes, controles internos, contenido de la documental de respaldo, su registraci\u00f3n y posterior archivo; ejercer y ejecutar como m\u00e9todo de trabajo las normas de auditor\u00eda generalmente aceptadas por el Consejo de Profesionales en Ciencias Econ\u00f3micas y normas legales vigentes. <\/p>\n<p>COMPETENCIAS<br \/>\nTambi\u00e9n ser\u00e1 competencia del Tribunal de Cuentas ejercer el control externo posterior mediante la auditor\u00eda y control posterior de car\u00e1cter legal, presupuestario, econ\u00f3mico, financiero, operativo, patrimonial y de gesti\u00f3n; las auditor\u00edas y el control integral, previo y posterior, de los actos de relevante significaci\u00f3n econ\u00f3mica y\/o institucional, que sean solicitados por el Concejo Municipal; la auditor\u00eda y emisi\u00f3n del dictamen de la cuenta de inversi\u00f3n y\/o los estados financieros y contables del sector p\u00fablico de la Municipalidad de Ca\u00f1ada de G\u00f3mez; el examen de las rendiciones de cuentas, de percepci\u00f3n e inversi\u00f3n de fondos p\u00fablicos que efect\u00faen los responsables sometidos a tal obligaci\u00f3n, est\u00e9n o no ligados a su administraci\u00f3n, y la sustanciaci\u00f3n de los juicios de cuentas a los mismos; la sustanciaci\u00f3n de juicios de responsabilidad para la determinaci\u00f3n de la responsabilidad administrativa y patrimonial de los agentes p\u00fablicos.<\/p>\n<p>Los ediles fundamentaron la iniciativa en que la sociedad ca\u00f1adense debe tener claro el tama\u00f1o del patrimonio p\u00fablico, en qu\u00e9 se gastan los recursos y cu\u00e1les son los procedimientos que se utilizan en el abastecimiento de los bienes y servicios de las instituciones p\u00fablicas y que quienes administran los intereses p\u00fablicos, deben comprender que la comunidad tiene el derecho de conocer los resultados de su gesti\u00f3n, y reclamar su eficiencia y efectividad.<br \/>\nAdem\u00e1s desde el bloque del FPCyS dijeron que las cuentas que se rinden deben ser no s\u00f3lo claras, sino tambi\u00e9n verificables, en lo pol\u00edtico y en lo financiero y que la transparencia en la gesti\u00f3n p\u00fablica es un principio fundamental de la democracia y se garantiza mediante la aplicaci\u00f3n de un conjunto de mecanismos de informaci\u00f3n, evaluaci\u00f3n y rendici\u00f3n de cuentas en forma transparente y permanente, con datos debidamente actualizados y claramente dirigidos a la sociedad a la cual representa.<br \/>\nPara finalizar los ediles Chale, Mauroni y Travaglino expresaron que cualquier conducta o acci\u00f3n administrativa debe ajustarse estrictamente a la ley, debe ser conveniente, necesaria, razonable y oportuna y que el control es el \u00fanico medio v\u00e1lido que tiene el gobernante para demostrar su honesto accionar y el ciudadano para comprobar que su confianza no ha sido defraudada.<\/p>\n","protected":false},"excerpt":{"rendered":"<p>El proyecto de ordenanza fue presentado por el Frente Progresista, C\u00edvico y Social. Sus actividades ser\u00e1n el control externo de la gesti\u00f3n econ\u00f3mica financiera y patrimonial del municipio, la supervisi\u00f3n de legalidad de los actos administrativos y mejorar la eficiencia y eficacia en las intervenciones p\u00fablicas. FUENTE: PERIODICO EL INFORME DE LA CIUDAD (CA\u00d1ADA DE <a href=\"https:\/\/armstrongyregion.com.ar\/diario\/canada-de-gomez-proponen-un-tribunal-de-cuentas-municipal\/\" title=\"Read more\" >&#8230;<\/a><\/p>\n","protected":false},"author":2,"featured_media":9075,"comment_status":"open","ping_status":"open","sticky":false,"template":"","format":"standard","meta":{"_jetpack_memberships_contains_paid_content":false,"footnotes":"","jetpack_publicize_message":"","jetpack_publicize_feature_enabled":true,"jetpack_social_post_already_shared":false,"jetpack_social_options":{"image_generator_settings":{"template":"highway","default_image_id":0,"enabled":false},"version":2}},"categories":[1,7,3],"tags":[4270,19,524,2046,1438],"class_list":["post-9074","post","type-post","status-publish","format-standard","has-post-thumbnail","hentry","category-diario-armstrong","category-politica","category-region","tag-cuentas","tag-de","tag-municipal","tag-proponen","tag-tribunal"],"jetpack_publicize_connections":[],"jetpack_featured_media_url":"https:\/\/armstrongyregion.com.ar\/diario\/wp-content\/uploads\/2016\/08\/Municipalidad-1.jpg","jetpack_shortlink":"https:\/\/wp.me\/p62QDO-2mm","jetpack_sharing_enabled":true,"amp_enabled":true,"_links":{"self":[{"href":"https:\/\/armstrongyregion.com.ar\/diario\/wp-json\/wp\/v2\/posts\/9074","targetHints":{"allow":["GET"]}}],"collection":[{"href":"https:\/\/armstrongyregion.com.ar\/diario\/wp-json\/wp\/v2\/posts"}],"about":[{"href":"https:\/\/armstrongyregion.com.ar\/diario\/wp-json\/wp\/v2\/types\/post"}],"author":[{"embeddable":true,"href":"https:\/\/armstrongyregion.com.ar\/diario\/wp-json\/wp\/v2\/users\/2"}],"replies":[{"embeddable":true,"href":"https:\/\/armstrongyregion.com.ar\/diario\/wp-json\/wp\/v2\/comments?post=9074"}],"version-history":[{"count":0,"href":"https:\/\/armstrongyregion.com.ar\/diario\/wp-json\/wp\/v2\/posts\/9074\/revisions"}],"wp:featuredmedia":[{"embeddable":true,"href":"https:\/\/armstrongyregion.com.ar\/diario\/wp-json\/wp\/v2\/media\/9075"}],"wp:attachment":[{"href":"https:\/\/armstrongyregion.com.ar\/diario\/wp-json\/wp\/v2\/media?parent=9074"}],"wp:term":[{"taxonomy":"category","embeddable":true,"href":"https:\/\/armstrongyregion.com.ar\/diario\/wp-json\/wp\/v2\/categories?post=9074"},{"taxonomy":"post_tag","embeddable":true,"href":"https:\/\/armstrongyregion.com.ar\/diario\/wp-json\/wp\/v2\/tags?post=9074"}],"curies":[{"name":"wp","href":"https:\/\/api.w.org\/{rel}","templated":true}]}}