{"id":9057,"date":"2016-08-09T11:28:38","date_gmt":"2016-08-09T11:28:38","guid":{"rendered":"https:\/\/armstrongyregion.com.ar\/diario\/?p=9057"},"modified":"2016-08-09T11:28:38","modified_gmt":"2016-08-09T11:28:38","slug":"deliberando-actualidades-politicas-de-radicales-de-armstrong-y-canada-de-gomez","status":"publish","type":"post","link":"https:\/\/armstrongyregion.com.ar\/diario\/deliberando-actualidades-politicas-de-radicales-de-armstrong-y-canada-de-gomez\/","title":{"rendered":"Deliberando. Actualidades politicas de radicales de Armstrong y Ca\u00f1ada de G\u00f3mez."},"content":{"rendered":"<p><a href=\"http:\/\/armstrongyregion.com.ar\/diario\/wp-content\/uploads\/2016\/08\/DSC_0783.jpg\"><img loading=\"lazy\" decoding=\"async\" src=\"http:\/\/armstrongyregion.com.ar\/diario\/wp-content\/uploads\/2016\/08\/DSC_0783-1024x683.jpg\" alt=\"Adrian-Marozi-\" width=\"800\" height=\"534\" class=\"alignnone size-large wp-image-9058\" srcset=\"https:\/\/armstrongyregion.com.ar\/diario\/wp-content\/uploads\/2016\/08\/DSC_0783-1024x683.jpg 1024w, https:\/\/armstrongyregion.com.ar\/diario\/wp-content\/uploads\/2016\/08\/DSC_0783-300x200.jpg 300w\" sizes=\"auto, (max-width: 800px) 100vw, 800px\" \/><\/a>Este martes en DELIBERANDO, actualidades pol\u00edticas de los radicales de Armstrong, Ca\u00f1ada de G\u00f3mez y Juventud Radical.<br \/>\nEl presidente del cuerpo deliberativo de la ciudad Adrian Marozzi, habla del trabajo en ese concejo, sus deseos de ser candidato a intendente, aunque destac\u00f3 que falta bastante aun para esas determinaciones.<br \/>\nLas bases juveniles de la Uni\u00f3n C\u00edvica Radical, renovaron sus autoridades en nuestra ciudad. Gabriela Perez, presidenta y Alejandro Pertusati delegado al congreso, cuentan sus experiencias, sus trabajos a favor de la comunidad y la relaci\u00f3n con los estamentos mayores del partido.<br \/>\nMatias Chale, concejal de la UCR de Ca\u00f1ada de G\u00f3mez, detall\u00f3 los cambios que se notan en el cuerpo a partir de que el oficialismo tiene mayor\u00eda, tras las \u00faltimas elecciones, marc\u00f3 fallas en la promulgaci\u00f3n de normas que son modificadas sin embargo no se aplican como salen del concejo.<br \/>\nTodo esto este martes en DELIBERANDO, con la conducci\u00f3n de la licenciada Graciela de la Casa y Oscar Crispino.<br \/>\n21hs por Cable Imagen Armstrong.<br \/>\nJueves: 22hs por CableVision.<\/p>\n","protected":false},"excerpt":{"rendered":"<p>Este martes en DELIBERANDO, actualidades pol\u00edticas de los radicales de Armstrong, Ca\u00f1ada de G\u00f3mez y Juventud Radical. El presidente del cuerpo deliberativo de la ciudad Adrian Marozzi, habla del trabajo en ese concejo, sus deseos de ser candidato a intendente, aunque destac\u00f3 que falta bastante aun para esas determinaciones. Las bases juveniles de la Uni\u00f3n <a href=\"https:\/\/armstrongyregion.com.ar\/diario\/deliberando-actualidades-politicas-de-radicales-de-armstrong-y-canada-de-gomez\/\" title=\"Read more\" >&#8230;<\/a><\/p>\n","protected":false},"author":2,"featured_media":9058,"comment_status":"open","ping_status":"open","sticky":false,"template":"","format":"standard","meta":{"_jetpack_memberships_contains_paid_content":false,"footnotes":"","jetpack_publicize_message":"","jetpack_publicize_feature_enabled":true,"jetpack_social_post_already_shared":false,"jetpack_social_options":{"image_generator_settings":{"template":"highway","default_image_id":0,"enabled":false},"version":2}},"categories":[1,2,7,3],"tags":[44,3544],"class_list":["post-9057","post","type-post","status-publish","format-standard","has-post-thumbnail","hentry","category-diario-armstrong","category-locales","category-politica","category-region","tag-deliberando-2","tag-radicales"],"jetpack_publicize_connections":[],"jetpack_featured_media_url":"https:\/\/armstrongyregion.com.ar\/diario\/wp-content\/uploads\/2016\/08\/DSC_0783.jpg","jetpack_shortlink":"https:\/\/wp.me\/p62QDO-2m5","jetpack_sharing_enabled":true,"amp_enabled":true,"_links":{"self":[{"href":"https:\/\/armstrongyregion.com.ar\/diario\/wp-json\/wp\/v2\/posts\/9057","targetHints":{"allow":["GET"]}}],"collection":[{"href":"https:\/\/armstrongyregion.com.ar\/diario\/wp-json\/wp\/v2\/posts"}],"about":[{"href":"https:\/\/armstrongyregion.com.ar\/diario\/wp-json\/wp\/v2\/types\/post"}],"author":[{"embeddable":true,"href":"https:\/\/armstrongyregion.com.ar\/diario\/wp-json\/wp\/v2\/users\/2"}],"replies":[{"embeddable":true,"href":"https:\/\/armstrongyregion.com.ar\/diario\/wp-json\/wp\/v2\/comments?post=9057"}],"version-history":[{"count":0,"href":"https:\/\/armstrongyregion.com.ar\/diario\/wp-json\/wp\/v2\/posts\/9057\/revisions"}],"wp:featuredmedia":[{"embeddable":true,"href":"https:\/\/armstrongyregion.com.ar\/diario\/wp-json\/wp\/v2\/media\/9058"}],"wp:attachment":[{"href":"https:\/\/armstrongyregion.com.ar\/diario\/wp-json\/wp\/v2\/media?parent=9057"}],"wp:term":[{"taxonomy":"category","embeddable":true,"href":"https:\/\/armstrongyregion.com.ar\/diario\/wp-json\/wp\/v2\/categories?post=9057"},{"taxonomy":"post_tag","embeddable":true,"href":"https:\/\/armstrongyregion.com.ar\/diario\/wp-json\/wp\/v2\/tags?post=9057"}],"curies":[{"name":"wp","href":"https:\/\/api.w.org\/{rel}","templated":true}]}}