{"id":9039,"date":"2016-08-08T02:01:59","date_gmt":"2016-08-08T02:01:59","guid":{"rendered":"https:\/\/armstrongyregion.com.ar\/diario\/?p=9039"},"modified":"2016-08-08T02:01:59","modified_gmt":"2016-08-08T02:01:59","slug":"se-corrio-la-14-a-edicion-de-la-maraton-delfo-cabrera","status":"publish","type":"post","link":"https:\/\/armstrongyregion.com.ar\/diario\/se-corrio-la-14-a-edicion-de-la-maraton-delfo-cabrera\/","title":{"rendered":"Se corri\u00f3 la 14 \u00aa  edici\u00f3n de la Marat\u00f3n Delfo Cabrera."},"content":{"rendered":"<p><a href=\"http:\/\/armstrongyregion.com.ar\/diario\/wp-content\/uploads\/2016\/08\/maraton-.jpg\"><img loading=\"lazy\" decoding=\"async\" src=\"http:\/\/armstrongyregion.com.ar\/diario\/wp-content\/uploads\/2016\/08\/maraton-.jpg\" alt=\"maraton-\" width=\"768\" height=\"569\" class=\"alignnone size-full wp-image-9040\" srcset=\"https:\/\/armstrongyregion.com.ar\/diario\/wp-content\/uploads\/2016\/08\/maraton-.jpg 768w, https:\/\/armstrongyregion.com.ar\/diario\/wp-content\/uploads\/2016\/08\/maraton--300x222.jpg 300w\" sizes=\"auto, (max-width: 768px) 100vw, 768px\" \/><\/a>En la ma\u00f1ana del domingo 7 de agosto, pasadas las 10hs se larg\u00f3 la 14\u00aa  Marat\u00f3n Homenaje a Delfo Cabrera frente a la Plaza San Mart\u00edn.<br \/>\nEl intendente local en dialogo con nuestro medio expres\u00f3 estar muy contento ya que a\u00f1o a a\u00f1o esta marat\u00f3n viene superando tanto en cantidad de inscriptos de todo el pa\u00eds como de p\u00fablico en general.<br \/>\n\u201cEsta es la mejor forma de homenajear a un grande  a nuestro Delfo Cabrera, donde su mayor logro lo consigui\u00f3 en la prueba de marat\u00f3n, ganando una medalla de oro en los Juegos Ol\u00edmpicos de Londres 1948. Cuatro a\u00f1os despu\u00e9s fue el abanderado de la delegaci\u00f3n argentina en la ceremonia de inauguraci\u00f3n de los Juegos Ol\u00edmpicos de Helsinki 1952 y es realmente un ejemplo ya que era hijo de Claro Cabrera y de Juana G\u00f3mez, y era el cuarto de 6 hermanos. De familia humilde, trabajadora y  comenz\u00f3 su carrera deportiva en la adolescencia, cuando de regreso de su trabajo hacia su casa realizaba el trayecto junto a su hermano corriendo\u201d.<br \/>\nVerdecchia continu\u00f3, \u201cSiendo el anfitri\u00f3n agradezco a nuestros atletas locales y a todos los participantes que aman este deporte,  al p\u00fablico en general o sea a nuestros vecinos por  acompa\u00f1ar el paso de los atletas, como ya sucedi\u00f3 en los a\u00f1os anteriores, hecho que les provoca mucha alegr\u00eda y entusiasmo a los participantes\u201d.<\/p>\n","protected":false},"excerpt":{"rendered":"<p>En la ma\u00f1ana del domingo 7 de agosto, pasadas las 10hs se larg\u00f3 la 14\u00aa Marat\u00f3n Homenaje a Delfo Cabrera frente a la Plaza San Mart\u00edn. El intendente local en dialogo con nuestro medio expres\u00f3 estar muy contento ya que a\u00f1o a a\u00f1o esta marat\u00f3n viene superando tanto en cantidad de inscriptos de todo el <a href=\"https:\/\/armstrongyregion.com.ar\/diario\/se-corrio-la-14-a-edicion-de-la-maraton-delfo-cabrera\/\" title=\"Read more\" >&#8230;<\/a><\/p>\n","protected":false},"author":2,"featured_media":9040,"comment_status":"open","ping_status":"open","sticky":false,"template":"","format":"standard","meta":{"_jetpack_memberships_contains_paid_content":false,"footnotes":"","jetpack_publicize_message":"","jetpack_publicize_feature_enabled":true,"jetpack_social_post_already_shared":false,"jetpack_social_options":{"image_generator_settings":{"template":"highway","default_image_id":0,"enabled":false},"version":2}},"categories":[5,1,2,3],"tags":[4261,1564,4260,19,1563,317,31,1562,86],"class_list":["post-9039","post","type-post","status-publish","format-standard","has-post-thumbnail","hentry","category-deportes","category-diario-armstrong","category-locales","category-region","tag-14a","tag-cabrera","tag-corrio","tag-de","tag-delfo","tag-edicion","tag-la","tag-maraton","tag-se"],"jetpack_publicize_connections":[],"jetpack_featured_media_url":"https:\/\/armstrongyregion.com.ar\/diario\/wp-content\/uploads\/2016\/08\/maraton-.jpg","jetpack_shortlink":"https:\/\/wp.me\/p62QDO-2lN","jetpack_sharing_enabled":true,"amp_enabled":true,"_links":{"self":[{"href":"https:\/\/armstrongyregion.com.ar\/diario\/wp-json\/wp\/v2\/posts\/9039","targetHints":{"allow":["GET"]}}],"collection":[{"href":"https:\/\/armstrongyregion.com.ar\/diario\/wp-json\/wp\/v2\/posts"}],"about":[{"href":"https:\/\/armstrongyregion.com.ar\/diario\/wp-json\/wp\/v2\/types\/post"}],"author":[{"embeddable":true,"href":"https:\/\/armstrongyregion.com.ar\/diario\/wp-json\/wp\/v2\/users\/2"}],"replies":[{"embeddable":true,"href":"https:\/\/armstrongyregion.com.ar\/diario\/wp-json\/wp\/v2\/comments?post=9039"}],"version-history":[{"count":0,"href":"https:\/\/armstrongyregion.com.ar\/diario\/wp-json\/wp\/v2\/posts\/9039\/revisions"}],"wp:featuredmedia":[{"embeddable":true,"href":"https:\/\/armstrongyregion.com.ar\/diario\/wp-json\/wp\/v2\/media\/9040"}],"wp:attachment":[{"href":"https:\/\/armstrongyregion.com.ar\/diario\/wp-json\/wp\/v2\/media?parent=9039"}],"wp:term":[{"taxonomy":"category","embeddable":true,"href":"https:\/\/armstrongyregion.com.ar\/diario\/wp-json\/wp\/v2\/categories?post=9039"},{"taxonomy":"post_tag","embeddable":true,"href":"https:\/\/armstrongyregion.com.ar\/diario\/wp-json\/wp\/v2\/tags?post=9039"}],"curies":[{"name":"wp","href":"https:\/\/api.w.org\/{rel}","templated":true}]}}