{"id":9036,"date":"2016-08-08T01:33:44","date_gmt":"2016-08-08T01:33:44","guid":{"rendered":"https:\/\/armstrongyregion.com.ar\/diario\/?p=9036"},"modified":"2016-08-08T01:33:44","modified_gmt":"2016-08-08T01:33:44","slug":"con-gran-convocatoria-se-concreto-la-charla-el-mundo-a-tus-pies","status":"publish","type":"post","link":"https:\/\/armstrongyregion.com.ar\/diario\/con-gran-convocatoria-se-concreto-la-charla-el-mundo-a-tus-pies\/","title":{"rendered":"Con gran convocatoria se concret\u00f3 la charla \u201cEl mundo a tus pies\u201d."},"content":{"rendered":"<p><a href=\"http:\/\/armstrongyregion.com.ar\/diario\/wp-content\/uploads\/2016\/08\/Charla-Moni-.jpg\"><img loading=\"lazy\" decoding=\"async\" src=\"http:\/\/armstrongyregion.com.ar\/diario\/wp-content\/uploads\/2016\/08\/Charla-Moni-.jpg\" alt=\"Charla-Moni-\" width=\"768\" height=\"520\" class=\"alignnone size-full wp-image-9037\" srcset=\"https:\/\/armstrongyregion.com.ar\/diario\/wp-content\/uploads\/2016\/08\/Charla-Moni-.jpg 768w, https:\/\/armstrongyregion.com.ar\/diario\/wp-content\/uploads\/2016\/08\/Charla-Moni--300x203.jpg 300w\" sizes=\"auto, (max-width: 768px) 100vw, 768px\" \/><\/a>En el marco de la 14\u00aa edici\u00f3n de la marat\u00f3n Homenaje a Delfo Cabrera, se realiz\u00f3 la charla \u201cEl mundo a tus pies\u201d el pasado s\u00e1bado a las 19,00hs en el Sal\u00f3n Delmo Dar\u00f3 de la Municipalidad de Armstrong.<br \/>\n La misma estaba destinada a deportistas y p\u00fablico en general, siendo  los disertantes el pod\u00f3logo deportivo mexicano Sr. Mario Segarra, el Profesor de Educaci\u00f3n F\u00edsica especialista en maratonistas Sr. Mauricio Robledo, Marito Ascenzi integrante del Grupo Delfo Cabrera de nuestra ciudad y el reconocido y querido Dr. Alberto Bacci. La coordinaci\u00f3n del evento estuvo a cargo de la profesional pod\u00f3loga local M\u00f3nica Mendoza.<br \/>\nAll\u00ed se trataron temas relacionados no s\u00f3lo a la actividad de maratonistas, sino al deporte en general, proyect\u00e1ndose videos con saludos de importantes profesionales como Bernab\u00e9 V\u00e1squez, pod\u00f3logo deportivo del Club Barcelona, el medico deportologo Fernando Bacci y el kinesi\u00f3logo Ren\u00e9 Girotti ambos del staff de profesionales del Club Atl\u00e9tico Newell\u2019s Old Boys de Rosario.<\/p>\n","protected":false},"excerpt":{"rendered":"<p>En el marco de la 14\u00aa edici\u00f3n de la marat\u00f3n Homenaje a Delfo Cabrera, se realiz\u00f3 la charla \u201cEl mundo a tus pies\u201d el pasado s\u00e1bado a las 19,00hs en el Sal\u00f3n Delmo Dar\u00f3 de la Municipalidad de Armstrong. La misma estaba destinada a deportistas y p\u00fablico en general, siendo los disertantes el pod\u00f3logo deportivo <a href=\"https:\/\/armstrongyregion.com.ar\/diario\/con-gran-convocatoria-se-concreto-la-charla-el-mundo-a-tus-pies\/\" title=\"Read more\" >&#8230;<\/a><\/p>\n","protected":false},"author":2,"featured_media":9037,"comment_status":"open","ping_status":"open","sticky":false,"template":"","format":"standard","meta":{"_jetpack_memberships_contains_paid_content":false,"footnotes":"","jetpack_publicize_message":"","jetpack_publicize_feature_enabled":true,"jetpack_social_post_already_shared":false,"jetpack_social_options":{"image_generator_settings":{"template":"highway","default_image_id":0,"enabled":false},"version":2}},"categories":[5,1,2,4,3],"tags":[33,432,16,249,4246,4245],"class_list":["post-9036","post","type-post","status-publish","format-standard","has-post-thumbnail","hentry","category-deportes","category-diario-armstrong","category-locales","category-prevencion-salud","category-region","tag-a","tag-charla","tag-el","tag-mundo","tag-pies","tag-tus"],"jetpack_publicize_connections":[],"jetpack_featured_media_url":"https:\/\/armstrongyregion.com.ar\/diario\/wp-content\/uploads\/2016\/08\/Charla-Moni-.jpg","jetpack_shortlink":"https:\/\/wp.me\/p62QDO-2lK","jetpack_sharing_enabled":true,"amp_enabled":true,"_links":{"self":[{"href":"https:\/\/armstrongyregion.com.ar\/diario\/wp-json\/wp\/v2\/posts\/9036","targetHints":{"allow":["GET"]}}],"collection":[{"href":"https:\/\/armstrongyregion.com.ar\/diario\/wp-json\/wp\/v2\/posts"}],"about":[{"href":"https:\/\/armstrongyregion.com.ar\/diario\/wp-json\/wp\/v2\/types\/post"}],"author":[{"embeddable":true,"href":"https:\/\/armstrongyregion.com.ar\/diario\/wp-json\/wp\/v2\/users\/2"}],"replies":[{"embeddable":true,"href":"https:\/\/armstrongyregion.com.ar\/diario\/wp-json\/wp\/v2\/comments?post=9036"}],"version-history":[{"count":0,"href":"https:\/\/armstrongyregion.com.ar\/diario\/wp-json\/wp\/v2\/posts\/9036\/revisions"}],"wp:featuredmedia":[{"embeddable":true,"href":"https:\/\/armstrongyregion.com.ar\/diario\/wp-json\/wp\/v2\/media\/9037"}],"wp:attachment":[{"href":"https:\/\/armstrongyregion.com.ar\/diario\/wp-json\/wp\/v2\/media?parent=9036"}],"wp:term":[{"taxonomy":"category","embeddable":true,"href":"https:\/\/armstrongyregion.com.ar\/diario\/wp-json\/wp\/v2\/categories?post=9036"},{"taxonomy":"post_tag","embeddable":true,"href":"https:\/\/armstrongyregion.com.ar\/diario\/wp-json\/wp\/v2\/tags?post=9036"}],"curies":[{"name":"wp","href":"https:\/\/api.w.org\/{rel}","templated":true}]}}