{"id":9026,"date":"2016-08-06T15:34:57","date_gmt":"2016-08-06T15:34:57","guid":{"rendered":"https:\/\/armstrongyregion.com.ar\/diario\/?p=9026"},"modified":"2016-08-06T15:34:57","modified_gmt":"2016-08-06T15:34:57","slug":"las-ofensas-pueden-ser-solo-bla-bla-bla-por-elizabeth-santangelo","status":"publish","type":"post","link":"https:\/\/armstrongyregion.com.ar\/diario\/las-ofensas-pueden-ser-solo-bla-bla-bla-por-elizabeth-santangelo\/","title":{"rendered":"Las ofensas pueden ser solo \u201cbla, bla, bla\u2026\u201d  Por Elizabeth Sant\u00e1ngelo."},"content":{"rendered":"<p><a href=\"http:\/\/armstrongyregion.com.ar\/diario\/wp-content\/uploads\/2016\/08\/justicia-II.jpeg\"><img loading=\"lazy\" decoding=\"async\" src=\"http:\/\/armstrongyregion.com.ar\/diario\/wp-content\/uploads\/2016\/08\/justicia-II.jpeg\" alt=\"justicia- II\" width=\"768\" height=\"511\" class=\"alignnone size-full wp-image-9027\" srcset=\"https:\/\/armstrongyregion.com.ar\/diario\/wp-content\/uploads\/2016\/08\/justicia-II.jpeg 768w, https:\/\/armstrongyregion.com.ar\/diario\/wp-content\/uploads\/2016\/08\/justicia-II-300x200.jpeg 300w\" sizes=\"auto, (max-width: 768px) 100vw, 768px\" \/><\/a>Alguien me cont\u00f3 esta narraci\u00f3n que citar\u00e9 a continuaci\u00f3n, y que me parece apropiada, pensando en situaciones que surgen mediante ofensas, enemistades, controversias por manifestar dichos que pueden lastimar a los dem\u00e1s y que algunas veces resultan en injurias:<\/p>\n<p>\u201cCaminaba por la calle con mi padre cuando era ni\u00f1o y de pronto me pregunt\u00f3:<br \/>\n\u2013  Adem\u00e1s del canto de los p\u00e1jaros, \u00bfescuchas algo m\u00e1s en esta calle?<br \/>\n\u2013  Si, contest\u00f3, el ruido de una carreta.<br \/>\n\u2013  Muy bien, me dijo, es una carreta y est\u00e1 vac\u00eda.<br \/>\n\u2013  \u00bfVac\u00eda?, dije, \u00bfc\u00f3mo lo sabes?<br \/>\nMi padre, casi sin pensarlo, respondi\u00f3:<br \/>\n\u2013  Muy f\u00e1cil, cuanto m\u00e1s vac\u00eda est\u00e1 la carreta, mayor es el ruido que hace.<br \/>\nDesde entonces, cuando veo a una persona hablando demasiado, interrumpiendo, siendo inoportuna, presumiendo de lo que tiene, sinti\u00e9ndose prepotente y menospreciando a la gente, me parece o\u00edr la voz de mi padre diciendo: \u201cCuanto m\u00e1s vac\u00eda est\u00e1 la carreta, mayor es el ruido que hace\u201d.<\/p>\n<p>Hoy el \u201cbla bla bla\u201d est\u00e1 a la orden del d\u00eda, y es posible que cualquier clase de comentario adverso hacia una persona o tal vez una instituci\u00f3n, se tome como genuino y digno de tenerlo en cuenta.<\/p>\n<p>Pero \u00bfqu\u00e9 hace que un \u201chablador\u201d pretenda imponer su tesis?<br \/>\nHay varias razones a tener en cuenta en quien manifiesta este inconveniente:<br \/>\n1)\tNo est\u00e1 dispuesto a escuchar (con sus o\u00eddos), ni tampoco a o\u00edr (con su percepci\u00f3n espiritual).<br \/>\n2)\tImpone su opini\u00f3n con superioridad.<br \/>\n3)\tSu ego se enaltece cuando cree que es importante lo que est\u00e1 diciendo.<br \/>\n4)\tEs propenso al enojo si no toman en cuenta sus ideas.<br \/>\n5)\tSe jacta de saberlo todo.<br \/>\n6)\tLlena espacios con palabras porque se siente vac\u00edo (como la carreta del ejemplo promoviendo mucho ruido)<br \/>\n7)\tQuiere tener siempre la raz\u00f3n.<\/p>\n<p>Estas observaciones son \u00fatiles, porque en el discurso del hablador tal vez haya errores, cr\u00edtica, injusticia, lo que ocasionar\u00e1 desacuerdo y hasta discusiones con sus oyentes. <\/p>\n<p>\u00bfQu\u00e9 verdades pueden contribuir para contrarrestar y sanar esta clase de imposici\u00f3n?<\/p>\n<p>La humildad es el poder espiritual que emana del Amor divino siempre presente, y \u201ccomo cualidad humana, el glorioso significado del afecto es m\u00e1s que palabras, es la tierna y desinteresada acci\u00f3n hecha en secreto, la silenciosa e inocente oraci\u00f3n; el coraz\u00f3n rebosante, que se olvida de s\u00ed mismo\u2026\u201d.<\/p>\n<p>Eso lo dijo Mary Baker Eddy, la Fundadora del Movimiento religioso de la Ciencia Cristiana. Ella pas\u00f3 por momentos dif\u00edciles, a causa de las injusticias que hacia ella se cometieron. Principalmente porque al ser mujer en el Siglo XIX, no la consideraban valiosa, y algunos tampoco cre\u00edan que pudiera ser pionera de ideas para ayudar a liberar a la humanidad de la opresi\u00f3n mental y f\u00edsica. <\/p>\n<p>Eddy lleg\u00f3 a ser una de las mujeres m\u00e1s conocidas en su \u00e9poca. Por eso, enfrent\u00f3 calumnias. A fines de los a\u00f1os 1800 y principios del 1900 empez\u00f3 y se desarroll\u00f3 el periodismo amarillo, o sensacionalista, como lo conocemos hoy, que vende mucho y llama la atenci\u00f3n. De esa manera, se difundi\u00f3 en el a\u00f1o 1907, debido a un proceso que ten\u00eda la intenci\u00f3n de quitarle su fortuna y autonom\u00eda sobre sus negocios, que a Eddy le era imposible a la edad de 85 a\u00f1os estar al frente de una organizaci\u00f3n.<\/p>\n<p>Ante todas las acusaciones, ella permaneci\u00f3 confiada y convencida de la efectividad de la ley divina.<\/p>\n<p>Al responder varias preguntas, Eddy demostr\u00f3 que ten\u00eda una capacidad sumamente aguda al manejar sus asuntos personales, por lo tanto, el pleito no prosper\u00f3.<\/p>\n<p>De la misma manera, hay una defensa espiritual disponible para todos. <\/p>\n<p>Cuando uno es juzgado injustamente, se debiera pensar cu\u00e1l es la intenci\u00f3n del cr\u00edtico. Puede ser por desconocimiento o bien por antipat\u00eda, ausente del verdadero sentimiento de bondad hacia al pr\u00f3jimo.<\/p>\n<p>Tanto el que habla como el que escucha tienen la misma oportunidad de corregir equivocaciones. La buena intenci\u00f3n con que nos expresamos es fundamental para derribar los muros de la incomprensi\u00f3n y establecer la justicia, as\u00ed como la paz interior.<\/p>\n<p>Deja que tu m\u00e1s alto sentido del bien te beneficie y beneficie a quien te escucha. El Amor es la \u00fanica influencia sanadora.<\/p>\n<p>Elizabeth integra el Comit\u00e9 de Publicaci\u00f3n, en Argentina, y escribe reflexiones desde su perspectiva como profesional de la Ciencia Cristiana.<br \/>\nS\u00edguela en Twitter: @elisantangelo1   &#8211;  Facebook: Elizabeth Santangelo de Gastaldi<\/p>\n","protected":false},"excerpt":{"rendered":"<p>Alguien me cont\u00f3 esta narraci\u00f3n que citar\u00e9 a continuaci\u00f3n, y que me parece apropiada, pensando en situaciones que surgen mediante ofensas, enemistades, controversias por manifestar dichos que pueden lastimar a los dem\u00e1s y que algunas veces resultan en injurias: \u201cCaminaba por la calle con mi padre cuando era ni\u00f1o y de pronto me pregunt\u00f3: \u2013 <a href=\"https:\/\/armstrongyregion.com.ar\/diario\/las-ofensas-pueden-ser-solo-bla-bla-bla-por-elizabeth-santangelo\/\" title=\"Read more\" >&#8230;<\/a><\/p>\n","protected":false},"author":2,"featured_media":9027,"comment_status":"open","ping_status":"open","sticky":false,"template":"","format":"standard","meta":{"_jetpack_memberships_contains_paid_content":false,"footnotes":"","jetpack_publicize_message":"","jetpack_publicize_feature_enabled":true,"jetpack_social_post_already_shared":false,"jetpack_social_options":{"image_generator_settings":{"template":"highway","default_image_id":0,"enabled":false},"version":2}},"categories":[1,2,4],"tags":[4255,122,23,4254,2308,123,1106,2011],"class_list":["post-9026","post","type-post","status-publish","format-standard","has-post-thumbnail","hentry","category-diario-armstrong","category-locales","category-prevencion-salud","tag-bla","tag-elizabeth","tag-las","tag-ofensas","tag-pueden","tag-santangelo","tag-ser","tag-solo"],"jetpack_publicize_connections":[],"jetpack_featured_media_url":"https:\/\/armstrongyregion.com.ar\/diario\/wp-content\/uploads\/2016\/08\/justicia-II.jpeg","jetpack_shortlink":"https:\/\/wp.me\/p62QDO-2lA","jetpack_sharing_enabled":true,"amp_enabled":true,"_links":{"self":[{"href":"https:\/\/armstrongyregion.com.ar\/diario\/wp-json\/wp\/v2\/posts\/9026","targetHints":{"allow":["GET"]}}],"collection":[{"href":"https:\/\/armstrongyregion.com.ar\/diario\/wp-json\/wp\/v2\/posts"}],"about":[{"href":"https:\/\/armstrongyregion.com.ar\/diario\/wp-json\/wp\/v2\/types\/post"}],"author":[{"embeddable":true,"href":"https:\/\/armstrongyregion.com.ar\/diario\/wp-json\/wp\/v2\/users\/2"}],"replies":[{"embeddable":true,"href":"https:\/\/armstrongyregion.com.ar\/diario\/wp-json\/wp\/v2\/comments?post=9026"}],"version-history":[{"count":0,"href":"https:\/\/armstrongyregion.com.ar\/diario\/wp-json\/wp\/v2\/posts\/9026\/revisions"}],"wp:featuredmedia":[{"embeddable":true,"href":"https:\/\/armstrongyregion.com.ar\/diario\/wp-json\/wp\/v2\/media\/9027"}],"wp:attachment":[{"href":"https:\/\/armstrongyregion.com.ar\/diario\/wp-json\/wp\/v2\/media?parent=9026"}],"wp:term":[{"taxonomy":"category","embeddable":true,"href":"https:\/\/armstrongyregion.com.ar\/diario\/wp-json\/wp\/v2\/categories?post=9026"},{"taxonomy":"post_tag","embeddable":true,"href":"https:\/\/armstrongyregion.com.ar\/diario\/wp-json\/wp\/v2\/tags?post=9026"}],"curies":[{"name":"wp","href":"https:\/\/api.w.org\/{rel}","templated":true}]}}